{"id":7333,"date":"2017-04-23T15:11:55","date_gmt":"2017-04-23T18:11:55","guid":{"rendered":"http:\/\/www.revistahcsm.coc.fiocruz.br\/english\/?p=7333"},"modified":"2017-04-24T23:47:13","modified_gmt":"2017-04-25T02:47:13","slug":"la-tuberculosis-en-la-literatura-argentina","status":"publish","type":"post","link":"https:\/\/revistahcsm.coc.fiocruz.br\/english\/la-tuberculosis-en-la-literatura-argentina\/","title":{"rendered":"La tuberculosis en la literatura argentina"},"content":{"rendered":"<p style=\"text-align: right;\">Abril 2017<\/p>\n<p style=\"text-align: left;\"><a href=\"http:\/\/dx.doi.org\/10.1590\/S0104-59702000000400001\" target=\"_blank\" rel=\"noopener noreferrer\">La tuberculosis en la literatura argentina: tres ejemplos a trav\u00e9s de la novela el cuento y la poes\u00eda<\/a>,\u00a0Carbonetti, Adri\u00e1n Carlos Alfredo.\u00a0Hist. cienc. saude-Manguinhos\u00a0vol.6\u00a0no.3\u00a0Rio de Janeiro\u00a0Nov. 1999\/Feb.\u00a02000.<\/p>\n<div id=\"attachment_7334\" style=\"width: 410px\" class=\"wp-caption alignright\"><a href=\"http:\/\/dx.doi.org\/10.1590\/S0104-59702000000400001 \" target=\"_blank\" rel=\"noopener noreferrer\"><img loading=\"lazy\" decoding=\"async\" aria-describedby=\"caption-attachment-7334\" class=\"wp-image-7334 size-full\" src=\"http:\/\/www.revistahcsm.coc.fiocruz.br\/english\/wp-content\/uploads\/2017\/04\/revistaHCS.jpg\" alt=\"\" width=\"400\" height=\"225\" \/><\/a><p id=\"caption-attachment-7334\" class=\"wp-caption-text\">Los escritores Roberto Arlt, Ulises Pettit de Murat y Evaristo Carriego.<\/p><\/div>\n<p style=\"text-align: left;\">Desde la famosa obra de Thomas Mann, <i>La monta\u00f1a m\u00e1gica<\/i>, de la d\u00e9cada del diez hasta el <i>Pabell\u00f3n de reposo<\/i> de Camilo Jos\u00e9 Cela de la d\u00e9cada del cuarenta, encontramos a la tuberculosis en la literatura europea como un hilo conductor en diferentes novelas.<\/p>\n<p style=\"text-align: left;\">En Am\u00e9rica Latina y especialmente en Argentina, tambi\u00e9n podemos encontrar obras literarias importantes donde la tuberculosis es parte de la argumentaci\u00f3n en novelas y poes\u00edas.<\/p>\n<p style=\"text-align: left;\">En este art\u00edculo se analiza\u00a0las visiones de tres autores sobre la tuberculosis en la primera mitad del siglo XX y que en cierta medida reflejan la visi\u00f3n social sobre la enfermedad:\u00a0Evaristo Carriego, Ulises Pettit de Murat y Roberto Arlt.<\/p>\n<p>Lea en Manguinhos:<\/p>\n<p>\u00c1lvarez, Adriana. <a href=\"http:\/\/dx.doi.org\/10.1590\/S0104-59702010000100002\" target=\"_blank\" rel=\"noopener noreferrer\">La experiencia de ser un \u2018ni\u00f1o d\u00e9bil y enfermo\u2019 lejos de su hogar: el caso del Asilo Mar\u00edtimo, Mar del Plata (1893-1920)<\/a>. Hist. cienc. saude-Manguinhos, Mar 2010, vol.17, no.1, p.13-31. ISSN 0104-597<\/p>\n<p>Herrero, Maria Belen and Carbonetti, Adrian.\u00a0<a href=\"http:\/\/www.scielo.br\/scielo.php?script=sci_arttext&amp;pid=S0104-59702013000200521&amp;lng=en&amp;nrm=iso\">La mortalidad por tuberculosis en Argentina a lo largo del siglo XX<\/a>.\u00a0<i>Hist. cienc. saude-Manguinhos<\/i>, Jun 2013, vol.20, no.2, p.521-536. ISSN 0104-5970<\/p>\n<p>Ortega Martos, Antonio Miguel.\u00a0<a href=\"http:\/\/www.scielo.br\/scielo.php?script=sci_arttext&amp;pid=S0104-59702010000400004&amp;lng=en&amp;nrm=iso\">\u00bfColonialismo biom\u00e9dico o autonom\u00eda de lo local? Sanadores tradicionales contra la tuberculosis<\/a>.\u00a0<i>Hist. cienc. saude-Manguinhos<\/i>, Dic 2010, vol.17, no.4, p.909-924. ISSN 0104-5970<\/p>\n<p>Armus, Diego.\u00a0<a href=\"http:\/\/www.scielo.br\/scielo.php?script=sci_arttext&amp;pid=S0104-59702002000400009&amp;lng=en&amp;nrm=iso\">Milonguitas\u201d en Buenos Aires (1910-1940):\u00a0tango, ascenso social y tuberculosis<\/a>.\u00a0<i>Hist. cienc. saude-Manguinhos<\/i>, 2002, vol.9, p.187-207. ISSN 0104-5970<\/p>\n<div class=\"dd_post_share\">\n<div class=\"dd_buttons\">\n<div class=\"dd_button\"><a href=\"http:\/\/www.facebook.com\/sharer.php\" type=\"box_count\" name=\"fb_share\"><\/a><\/div>\n<div class=\"dd_button\"><\/div>\n<\/div>\n<\/div>\n<p>&nbsp;<\/p>\n","protected":false},"excerpt":{"rendered":"<p>Las visiones de tres autores sobre la tuberculosis en la primera mitad del siglo XX: Evaristo Carriego, Ulises Pettit de Murat y Roberto Arlt.<\/p>\n","protected":false},"author":8,"featured_media":7335,"comment_status":"open","ping_status":"open","sticky":false,"template":"","format":"standard","meta":{"_price":"","_stock":"","_tribe_ticket_header":"","_tribe_default_ticket_provider":"","_tribe_ticket_capacity":"0","_ticket_start_date":"","_ticket_end_date":"","_tribe_ticket_show_description":"","_tribe_ticket_show_not_going":false,"_tribe_ticket_use_global_stock":"","_tribe_ticket_global_stock_level":"","_global_stock_mode":"","_global_stock_cap":"","_tribe_rsvp_for_event":"","_tribe_ticket_going_count":"","_tribe_ticket_not_going_count":"","_tribe_tickets_list":"[]","_tribe_ticket_has_attendee_info_fields":false,"footnotes":""},"categories":[4],"tags":[912,909,911,192,910],"class_list":["post-7333","post","type-post","status-publish","format-standard","has-post-thumbnail","hentry","category-highlights","tag-adrian-carlos-alfredo-carbonetti","tag-evaristo-carriego","tag-roberto-arlt","tag-tuberculosis","tag-ulises-pettit-de-murat"],"_links":{"self":[{"href":"https:\/\/revistahcsm.coc.fiocruz.br\/english\/wp-json\/wp\/v2\/posts\/7333","targetHints":{"allow":["GET"]}}],"collection":[{"href":"https:\/\/revistahcsm.coc.fiocruz.br\/english\/wp-json\/wp\/v2\/posts"}],"about":[{"href":"https:\/\/revistahcsm.coc.fiocruz.br\/english\/wp-json\/wp\/v2\/types\/post"}],"author":[{"embeddable":true,"href":"https:\/\/revistahcsm.coc.fiocruz.br\/english\/wp-json\/wp\/v2\/users\/8"}],"replies":[{"embeddable":true,"href":"https:\/\/revistahcsm.coc.fiocruz.br\/english\/wp-json\/wp\/v2\/comments?post=7333"}],"version-history":[{"count":4,"href":"https:\/\/revistahcsm.coc.fiocruz.br\/english\/wp-json\/wp\/v2\/posts\/7333\/revisions"}],"predecessor-version":[{"id":7349,"href":"https:\/\/revistahcsm.coc.fiocruz.br\/english\/wp-json\/wp\/v2\/posts\/7333\/revisions\/7349"}],"wp:featuredmedia":[{"embeddable":true,"href":"https:\/\/revistahcsm.coc.fiocruz.br\/english\/wp-json\/wp\/v2\/media\/7335"}],"wp:attachment":[{"href":"https:\/\/revistahcsm.coc.fiocruz.br\/english\/wp-json\/wp\/v2\/media?parent=7333"}],"wp:term":[{"taxonomy":"category","embeddable":true,"href":"https:\/\/revistahcsm.coc.fiocruz.br\/english\/wp-json\/wp\/v2\/categories?post=7333"},{"taxonomy":"post_tag","embeddable":true,"href":"https:\/\/revistahcsm.coc.fiocruz.br\/english\/wp-json\/wp\/v2\/tags?post=7333"}],"curies":[{"name":"wp","href":"https:\/\/api.w.org\/{rel}","templated":true}]}}