{"id":15165,"date":"2023-07-05T02:31:03","date_gmt":"2023-07-05T05:31:03","guid":{"rendered":"http:\/\/www.revistahcsm.coc.fiocruz.br\/english\/?p=15165"},"modified":"2023-07-05T02:45:45","modified_gmt":"2023-07-05T05:45:45","slug":"ciencia-tecnologia-y-saberes-locales","status":"publish","type":"post","link":"https:\/\/revistahcsm.coc.fiocruz.br\/english\/ciencia-tecnologia-y-saberes-locales\/","title":{"rendered":"Ciencia, tecnolog\u00eda y saberes locales"},"content":{"rendered":"<p>Junio 2023<\/p>\n<div id=\"attachment_15167\" style=\"width: 220px\" class=\"wp-caption alignright\"><a href=\"https:\/\/open.spotify.com\/episode\/4819lGTnRnN7bE3qAaJYxG?go=1&amp;sp_cid=d090f6016d590a183764c448d6e5841d&amp;utm_source=embed_player_p&amp;utm_medium=desktop&amp;nd=1\" target=\"_blank\" rel=\"noopener noreferrer\"><img loading=\"lazy\" decoding=\"async\" aria-describedby=\"caption-attachment-15167\" class=\"wp-image-15167\" src=\"http:\/\/www.revistahcsm.coc.fiocruz.br\/english\/wp-content\/uploads\/2023\/06\/Screen-Shot-2023-06-22-at-3.21.35-PM-1.png\" alt=\"\" width=\"210\" height=\"207\" \/><\/a><p id=\"caption-attachment-15167\" class=\"wp-caption-text\">La entrevista est\u00e1 disponible <a href=\"https:\/\/open.spotify.com\/episode\/4819lGTnRnN7bE3qAaJYxG?go=1&amp;sp_cid=d090f6016d590a183764c448d6e5841d&amp;utm_source=embed_player_p&amp;utm_medium=desktop&amp;nd=1\" target=\"_blank\" rel=\"noopener noreferrer\">aqu\u00ed<\/a><\/p><\/div>\n<p>En esta entrevista al podcast\u00a0de la Facultad de Ciencias Sociales de la Universidad de los Andes, Mauricio Nieto Olarte,\u00a0Decano de la Facultad y Profesor Titular del Departamento de Historia\u00a0de la universidad habla sobre ciencia, tecnolog\u00eda y saberes locales, adem\u00e1s de poner en duda el car\u00e1cter euroc\u00e9ntrico de la historia de la ciencia.<\/p>\n<p>La entrevista est\u00e1 disponible\u00a0<a href=\"https:\/\/open.spotify.com\/episode\/4819lGTnRnN7bE3qAaJYxG?go=1&amp;sp_cid=d090f6016d590a183764c448d6e5841d&amp;utm_source=embed_player_p&amp;utm_medium=desktop&amp;nd=1\" target=\"_blank\" rel=\"noopener noreferrer\">aqu\u00ed<\/a><\/p>\n<p>Dossier\u00a0<a href=\"https:\/\/revistas.uniandes.edu.co\/index.php\/hiscrit\/issue\/view\/292\" target=\"_blank\" rel=\"noopener noreferrer\">Ciencia, tecnolog\u00eda, saberes locales e imperio en el mundo atl\u00e1ntico, siglos XV-XIX <\/a>(N\u00fam. 73, (2019). Historia Cr\u00edtica, Faculdad de Ciencias Sociales, Universidad de los Andes<\/p>\n<p>&nbsp;<\/p>\n<p>Art\u00edculos relacionados\u00a0en HCS-Manguinhos:<\/p>\n<p><a href=\"https:\/\/www.revistahcsm.coc.fiocruz.br\/english\/una-historia-del-eurocentrismo-cientifico\/\">Una historia del eurocentrismo cient\u00edfico<\/a>\u00a0El libro \u2018Una historia de la verdad en Occidente\u2019, de Mauricio Nieto Olarte ofrece un panorama amplio de la historia del conocimiento. Acceda a la rese\u00f1a de Marcos Cueto, editor cient\u00edfico de HCS-Manguinhos, publicada en el \u00faltimo n\u00famero de la revista.<\/p>\n<p class=\"meta-info\"><a href=\"https:\/\/www.revistahcsm.coc.fiocruz.br\/english\/las-distintas-caras-de-humboldt\/\">Las distintas caras de Humboldt<\/a>\u00a0Para celebrar los 250 a\u00f1os del nacimiento de Alexander von Humboldt, en ocasiones presentado como el \u201csegundo descubridor de Am\u00e9rica\u201d, entrevistamos el historiador Mauricio Nieto, que cree en la necesidad de un estudio m\u00e1s complejo del contexto y del significado del naturalista alem\u00e1n.<\/p>\n<p class=\"meta-info\"><a href=\"https:\/\/www.revistahcsm.coc.fiocruz.br\/english\/las-quinas-en-la-historia-de-la-ciencia\/\">Las quinas en la historia de la ciencia<\/a>\u00a0El art\u00edculo de Nicol\u00e1s Cuvi \u201cLegados de la audacia: Caldas, Humboldt y el conocimiento sobre las quinas, 1801-1821\u201d reflexiona sobre la circulaci\u00f3n de conocimiento en torno a estas plantas cuyas cortezas tienen propiedades medicinales entre las que destaca su poder febr\u00edfugo y antimal\u00e1rico.<\/p>\n<p class=\"meta-info\"><a href=\"https:\/\/www.revistahcsm.coc.fiocruz.br\/english\/el-enigma-botanico-de-las-quinas\/\">El enigma bot\u00e1nico de las quinas<\/a>\u00a0Acceda a la rese\u00f1a completa de Nicol\u00e1s Cuvi, Profesor en el Departamento de Antropolog\u00eda, Historia y Humanidades de Flacso Ecuador, en el \u00faltimo n\u00famero de HCS-Manguinhos (HCSM Jan-Mar 2021).<\/p>\n<p class=\"meta-info\"><a href=\"https:\/\/www.revistahcsm.coc.fiocruz.br\/english\/la-ciencia-en-contextos-perifericos\/\">La ciencia en contextos perif\u00e9ricos<\/a>\u00a0El \u00faltimo libro de Pablo Kreimer (2019) estudia las particularidades de los procesos de producci\u00f3n y uso del conocimiento cient\u00edfico y tecnol\u00f3gico en Am\u00e9rica Latina como regi\u00f3n perif\u00e9rica.<\/p>\n<p><a href=\"https:\/\/www.revistahcsm.coc.fiocruz.br\/english\/ciencia-tecnologia-saberes-locales-e-imperio-en-el-mundo-atlantico-siglos-xv-xvii\/\">Ciencia, tecnolog\u00eda, saberes locales e imperio en el mundo Atl\u00e1ntico, siglos XV-XVII<\/a><\/p>\n<p><a href=\"https:\/\/www.revistahcsm.coc.fiocruz.br\/english\/politicas-para-el-amazonas-deben-priorizar-visiones-locales\/\">Pol\u00edticas para el Amazonas deben priorizar las visiones locales<\/a>\u00a0El historiador Andr\u00e9 Felipe C\u00e2ndido da Silva investig\u00f3 la trayectoria del cient\u00edfico alem\u00e1n Harald Sioli en Brasil desde los a\u00f1os 1940.<\/p>\n<p><a href=\"https:\/\/www.revistahcsm.coc.fiocruz.br\/english\/saberes-y-practicas-psiquiatricas-en-el-primer-franquismo\/\">Saberes y pr\u00e1cticas psiqui\u00e1tricas en el primer franquismo<\/a>\u00a0El n\u00famero actual de la revista Dynamis presenta un dossier sobre la psiquiatr\u00eda en el periodo franquista.<\/p>\n<p class=\"meta-info\"><a href=\"https:\/\/www.revistahcsm.coc.fiocruz.br\/english\/tiempos-convulsivos-la-circulacion-global-de-terapias-de-shock-y-sus-usos-en-argentina-rosario-1936-1944\/\">La circulaci\u00f3n global de terapias de shock<\/a>\u00a0El surgimiento de las terapias biol\u00f3gicas de shock en Psiquiatr\u00eda durante la d\u00e9cada de 1930 ofreci\u00f3, por primera vez, instrumentos terap\u00e9uticos \u201creales\u201d para la disciplina. Este art\u00edculo analiza la implementaci\u00f3n de tales tratamientos en el Instituto de Psiquiatr\u00eda de Rosario, Argentina.<\/p>\n<p class=\"meta-info\"><a href=\"https:\/\/www.revistahcsm.coc.fiocruz.br\/english\/las-medicinas-tradicionales-en-hcs-manguinhos\/\">Las medicinas tradicionales en HCS-Manguinhos<\/a>\u00a0En el D\u00eda Internacional de los Pueblos Ind\u00edgenas compartimos una selecci\u00f3n de art\u00edculos sobre la medicina y los conocimientos tradicionales en Am\u00e9rica Latina.<\/p>\n<p><a href=\"https:\/\/www.revistahcsm.coc.fiocruz.br\/english\/colera-y-fiebre-amarilla-en-la-buenos-aires-del-siglo-xix\/\">C\u00f3lera y fiebre amarilla en la Buenos Aires del siglo XIX<\/a>\u00a0Una breve entrevista con Maximiliano Fiquepron, autor de \u201cMorir en las grandes pestes\u201d. El profesor analiza las principales epidemias en la Argentina del siglo XIX entre otros temas de la historia de las epidemias.<\/p>\n<p><a href=\"https:\/\/www.revistahcsm.coc.fiocruz.br\/english\/una-historia-por-contar-las-raices-de-la-homeopatia-en-peru\/\">Una historia por contar: las ra\u00edces de la homeopat\u00eda en Per\u00fa<\/a>\u00a0Para la investigadora Patricia Palma, a\u00fan hay muchos caminos por desvendar en la historia de la homeopat\u00eda en el pa\u00eds.<\/p>\n","protected":false},"excerpt":{"rendered":"<p>En esta entrevista al podcast de la Facultad de Ciencias Sociales de la Universidad de los Andes, Mauricio Nieto Olarte, Decano de la Facultad y Profesor Titular del Departamento de Historia de la universidad habla sobre ciencia, tecnolog\u00eda y saberes locales, adem\u00e1s de poner en duda el car\u00e1cter euroc\u00e9ntrico de la historia de la ciencia.<\/p>\n","protected":false},"author":8,"featured_media":15166,"comment_status":"open","ping_status":"open","sticky":false,"template":"","format":"standard","meta":{"_price":"","_stock":"","_tribe_ticket_header":"","_tribe_default_ticket_provider":"","_tribe_ticket_capacity":"0","_ticket_start_date":"","_ticket_end_date":"","_tribe_ticket_show_description":"","_tribe_ticket_show_not_going":false,"_tribe_ticket_use_global_stock":"","_tribe_ticket_global_stock_level":"","_global_stock_mode":"","_global_stock_cap":"","_tribe_rsvp_for_event":"","_tribe_ticket_going_count":"","_tribe_ticket_not_going_count":"","_tribe_tickets_list":"[]","_tribe_ticket_has_attendee_info_fields":false,"footnotes":""},"categories":[4],"tags":[],"class_list":["post-15165","post","type-post","status-publish","format-standard","has-post-thumbnail","hentry","category-highlights"],"_links":{"self":[{"href":"https:\/\/revistahcsm.coc.fiocruz.br\/english\/wp-json\/wp\/v2\/posts\/15165","targetHints":{"allow":["GET"]}}],"collection":[{"href":"https:\/\/revistahcsm.coc.fiocruz.br\/english\/wp-json\/wp\/v2\/posts"}],"about":[{"href":"https:\/\/revistahcsm.coc.fiocruz.br\/english\/wp-json\/wp\/v2\/types\/post"}],"author":[{"embeddable":true,"href":"https:\/\/revistahcsm.coc.fiocruz.br\/english\/wp-json\/wp\/v2\/users\/8"}],"replies":[{"embeddable":true,"href":"https:\/\/revistahcsm.coc.fiocruz.br\/english\/wp-json\/wp\/v2\/comments?post=15165"}],"version-history":[{"count":3,"href":"https:\/\/revistahcsm.coc.fiocruz.br\/english\/wp-json\/wp\/v2\/posts\/15165\/revisions"}],"predecessor-version":[{"id":15249,"href":"https:\/\/revistahcsm.coc.fiocruz.br\/english\/wp-json\/wp\/v2\/posts\/15165\/revisions\/15249"}],"wp:featuredmedia":[{"embeddable":true,"href":"https:\/\/revistahcsm.coc.fiocruz.br\/english\/wp-json\/wp\/v2\/media\/15166"}],"wp:attachment":[{"href":"https:\/\/revistahcsm.coc.fiocruz.br\/english\/wp-json\/wp\/v2\/media?parent=15165"}],"wp:term":[{"taxonomy":"category","embeddable":true,"href":"https:\/\/revistahcsm.coc.fiocruz.br\/english\/wp-json\/wp\/v2\/categories?post=15165"},{"taxonomy":"post_tag","embeddable":true,"href":"https:\/\/revistahcsm.coc.fiocruz.br\/english\/wp-json\/wp\/v2\/tags?post=15165"}],"curies":[{"name":"wp","href":"https:\/\/api.w.org\/{rel}","templated":true}]}}