{"id":12811,"date":"2021-03-24T20:55:00","date_gmt":"2021-03-24T23:55:00","guid":{"rendered":"http:\/\/www.revistahcsm.coc.fiocruz.br\/english\/?p=12811"},"modified":"2021-04-01T10:14:54","modified_gmt":"2021-04-01T13:14:54","slug":"vida-y-muerte-de-las-vacunas","status":"publish","type":"post","link":"https:\/\/revistahcsm.coc.fiocruz.br\/english\/vida-y-muerte-de-las-vacunas\/","title":{"rendered":"Vida y muerte de las vacunas"},"content":{"rendered":"<p style=\"text-align: right;\">marzo de 2021<\/p>\n<p>Secci\u00f3n:\u00a0<a href=\"http:\/\/www.revistahcsm.coc.fiocruz.br\/english\/category\/coronavirus-and-history\/\" target=\"_blank\" rel=\"noopener noreferrer\">Coronavirus and History<\/a><\/p>\n<p>Maximiliano Ricardo Fiquepron\u00a0|\u00a0Universidad Nacional de General Sarmiento<\/p>\n<p>&nbsp;<\/p>\n<div id=\"attachment_12813\" style=\"width: 497px\" class=\"wp-caption aligncenter\"><img loading=\"lazy\" decoding=\"async\" aria-describedby=\"caption-attachment-12813\" class=\"wp-image-12813\" src=\"http:\/\/www.revistahcsm.coc.fiocruz.br\/english\/wp-content\/uploads\/2021\/03\/Vacunacion_antivariolica.jpg\" alt=\"\" width=\"487\" height=\"348\" \/><p id=\"caption-attachment-12813\" class=\"wp-caption-text\">Vacunaci\u00f3n antivari\u00f3lica, <a href=\"https:\/\/www.historiadelamedicina.org\/Instrumentos\/instrumento_356.html\" target=\"_blank\" rel=\"noopener noreferrer\">Le Petit Journal<\/a>,\u00a028 de agosto de 1905.<\/p><\/div>\n<p>&nbsp;<\/p>\n<p><strong>Breve historia de las vacunas<\/strong><\/p>\n<p>Desde su nacimiento como un mecanismo de prevenci\u00f3n y control de enfermedades, las vacunas han motorizado esperanzas y tambi\u00e9n temores dentro de las sociedades modernas. A partir del siglo XVIII, pero esencialmente durante el siglo XIX, cuando la vacunaci\u00f3n antivari\u00f3lica esboz\u00f3 sus primeros proyectos a gran escala, es que estas tensiones se hicieron presentes en la agenda p\u00fablica de los estados modernos y en la sociedad. Los riesgos en la implementaci\u00f3n, la falta de insumos para crear la cantidad suficiente de dosis y las resistencias (doctas y populares), volv\u00edan a la vacunaci\u00f3n antivari\u00f3lica una utop\u00eda dif\u00edcilmente realizable. Como se\u00f1ala Claudia Agostoni en su estudio sobre la viruela en M\u00e9xico, el proceso de vacunaci\u00f3n, nunca fue sencillo. Estuvo (y a\u00fan est\u00e1) plagado de marchas, contramarchas, replanteos, incluso de algunos fracasos y olvidos.<a href=\"#_ftn1\" name=\"_ftnref1\">[1]<\/a><\/p>\n<p>A pesar de estos inicios tortuosos, durante el fin del siglo XIX y las primeras d\u00e9cadas del XX una serie de cambios e innovaciones decisivas en muchas ramas de las ciencias de la salud permitieron que la vacunaci\u00f3n pase de ser una utop\u00eda a una realidad tangible. Los calendarios vacunatorios se crearon y expandieron, ampliando su cobertura frente a diversas enfermedades. Tan contundentes fueron estos logros que actualmente gran parte de la sociedad civil tiende a relativizarlos e incluso han olvidado su importancia para el sostenimiento de nuestros est\u00e1ndares de vida modernos. En otras palabras, la posibilidad de una vejez prolongada en varias d\u00e9cadas y la baja en la cantidad de muerte por enfermedades que en otros per\u00edodos sol\u00edan ser azotes para la poblaci\u00f3n, son logros concretos e inobjetables producto de d\u00e9cadas de investigaci\u00f3n e implementaci\u00f3n de pol\u00edticas p\u00fablicas en materia de salud. Desde fines del siglo XX han surgido, sobre todo en los pa\u00edses de Am\u00e9rica del Norte y Europa, manifestaciones p\u00fablicas (algunas m\u00e1s masivas, otras apenas de algunas decenas de individuos) objetando estos logros y poniendolos en duda, relativizando este logro que, como se\u00f1ala Roy Porter, ha tra\u00eddo \u201cun gran beneficio para la humanidad\u201d.<a href=\"#_ftn2\" name=\"_ftnref2\">[2]<\/a><\/p>\n<p>\u00bfSe puede pensar entonces que, al menos desde hace algunas d\u00e9cadas, hemos olvidado la importancia trascendental de las vacunas y, de esa manera, las invisibilizamos? Desautorizar d\u00e9cadas de investigaci\u00f3n y de esfuerzos combinados entre naciones, y suplantarlo por te\u00f3rias alternativas en materia de salud (como una mayor presencia de la medicina homeop\u00e1tica o el <em>revival <\/em>de las vieja teor\u00eda de los humores por citar dos ejemplos) \u00bfno ser\u00eda eso una suerte de \u201cmuerte\u201d de las vacunas? \u00bfPodremos, en este contexto de pandemia mundial, recuperar su importancia y \u201crevivirlas\u201d de ese lugar tan poco grato al que han sido enviadas?<\/p>\n<p><strong>La cura del covid<\/strong><\/p>\n<p>El Sars-Cov-2 sali\u00f3 de China al mundo, y desde entonces comenz\u00f3 a recuperarse mucho de esa memoria olvidada de las vacunas. Bastante pronto (a pocos meses de desarrollada la pandemia) todos recordamos las noticias que comenzaron a circular, y que nos esperanzaban con la posibilidad de tener una vacuna incluso antes de que termine el 2020. Parec\u00eda irreal entonces, y en parte a\u00fan lo es. Pero es parte de ese \u201cmilagro\u201d que la ciencia hace todos los d\u00edas. Que se haya logrado este objetivo tan deseado es una muestra m\u00e1s del elevad\u00edsimo nivel de complejidad tecnica y m\u00e9dica en torno a la salud que hemos logrado durante los \u00faltimos 150 a\u00f1os. No puedo m\u00e1s que maravillarme ante tremenda haza\u00f1a.<\/p>\n<p>No obstante las buenas nuevas, el clima rapidamente se enrareci\u00f3 cuando la procedencia de las vacunas (tanto como el debate por su eficacia) comenzara a enarbolar teor\u00edas conspirativas y traccionar pasiones pol\u00edticas. La \u201crusa\u201d, la \u201cchina\u201d, la \u201cbrit\u00e1nica\u201d por citar algunos ejemplos, ocuparon titulares de la prensa y de la haza\u00f1a cient\u00edfica mundial pasamos al barro de las <em>fake news <\/em>y el escepticismo.<\/p>\n<p>Pero a pesar de estos esc\u00e1ndalos y de la repercusi\u00f3n medi\u00e1tica en torno a los laboratorios y los vacunados, en Argentina y en una parte significativa de Am\u00e9rica latina, la desconfianza por la vacunaci\u00f3n parece haberse atenuado. La marea de escepticismo y rechazo que parec\u00eda estar acumul\u00e1ndose desde fines del siglo XX en torno a la vacunaci\u00f3n parece haber hallado su l\u00edmite. No han surgido hasta el momento protestas masivas contra ninguna de las vacunas, ni episodios violentos como aquellos que Silvia Di Liscia<a href=\"#_ftn3\" name=\"_ftnref3\">[3]<\/a>, Paula Caffarena<a href=\"#_ftn4\" name=\"_ftnref4\">[4]<\/a> o Claudia Agostoni nos han demostrado para el siglo XIX. Tampoco se han logrado cristalizar agrupaciones del llamado movimiento \u201cantivacunas\u201d. Diferente a otras regiones como Estados Unidos o Alemania, donde estos movimientos parecen tener mayor pregnancia social e impacto medi\u00e1tico, los antivacunas de Latinoamerica no conforman una agrupaci\u00f3n que haya logrado formar un discurso s\u00f3lido y claro sobre el COVID-19. Tampoco aparecen apoyos masivos a sus premisas. \u00bfSer\u00e1 entonces, que el reinado de las vacunas ha vuelto, y que se logr\u00f3 difuminar la niebla que las teor\u00edas de la medicina alternativa hab\u00edan creado? Es mi deseo que esto ocurra, pero mientras tanto, y una vez m\u00e1s, el Estado en sus diversos niveles (nacional, provincial, municipal) aparece gestionando las vacunaciones, cumpliendo los requisitos de transparencia \u00e9tica, solvencia y aptitud para semejante tarea. Transformando la haza\u00f1a cient\u00edfica en una realidad cotidiana y tangible, creando lazos de confianza con su comunidad en medio de una pandemia mundial. Nada menos.<\/p>\n<p><strong>El d\u00eda despu\u00e9s<\/strong><\/p>\n<div id=\"attachment_11900\" style=\"width: 210px\" class=\"wp-caption alignright\"><img loading=\"lazy\" decoding=\"async\" aria-describedby=\"caption-attachment-11900\" class=\"wp-image-11900 size-full\" src=\"http:\/\/www.revistahcsm.coc.fiocruz.br\/english\/wp-content\/uploads\/2020\/08\/Maximiliano-Fiquepron-post.jpg\" alt=\"\" width=\"200\" height=\"185\" \/><p id=\"caption-attachment-11900\" class=\"wp-caption-text\">Maximiliano Ricardo Fiquepron es Profesor en Historia por la Universidad Nacional de General Sarmiento (Buenos Aires \u2013 Argentina) y Doctor en Ciencias Sociales por la misma universidad.<\/p><\/div>\n<p>Hace casi exactamente un a\u00f1o que en Argentina comenzaba el per\u00edodo de Aislamiento Social Preventivo y Obligatorio (ASPO), la \u201ccuarentena\u201d que muchos otros pa\u00edses tambi\u00e9n han atravesado. Al momento que escribo estas l\u00edneas (marzo de 2021) una parte significativa del personal de salud, fuerzas de seguridad y docentes han recibido sus primeras dosis, as\u00ed como tambi\u00e9n se ha comenzado la vacunaci\u00f3n en adultos mayores. \u00bfQu\u00e9 ocurrir\u00e1 en marzo del 2022, cuando ya luego de un a\u00f1o una parte significativa de la sociedad haya sido vacunada? \u00bfvolver\u00e1 la vacuna a ser una obviedad, una m\u00e1s de las tantas que el calendario vacunatorio nos tiene preparadas? \u00bfolvidaremos el turbulento, ca\u00f3tico y complejo proceso que llev\u00f3 a la implementaci\u00f3n de un sistema de vacunaci\u00f3n a toda marcha y en todo el mundo?<\/p>\n<p><a href=\"#_ftnref1\" name=\"_ftn1\">[1]<\/a>\u00a0\u00a0 Agostoni, Claudia (2016), M\u00e9dicos, campa\u00f1as y vacunas. La viruela y la cultura de su prevenci\u00f3n en M\u00e9xico 1870-1952. M\u00e9xico, Universidad Nacional Aut\u00f3noma de M\u00e9xico: Instituto de Investigaciones Hist\u00f3ricas.<\/p>\n<p><a href=\"#_ftnref2\" name=\"_ftn2\">[2]<\/a>\u00a0\u00a0 Porter, Roy (1997) The Greatest Benefit to Mankind: A Medical History of Humanity from Antiquity to the Present. Nueva York, W.W. Norton &amp; Company, Inc.<\/p>\n<p><a href=\"#_ftnref3\" name=\"_ftn3\">[3]<\/a>\u00a0\u00a0 Di Liscia, Mar\u00eda Silvia (2011) &#8220;Marcados en la piel: vacunaci\u00f3n y viruela en Argentina (1870-1910)&#8221; Ciencia &amp; Saude Colectiva, 16 (2):409-422.<\/p>\n<p><a href=\"#_ftnref4\" name=\"_ftn4\">[4]<\/a>\u00a0\u00a0 Caffarena Barcenilla, Paula (2016), Viruela y vacuna: difusi\u00f3n y circulaci\u00f3n de una pr\u00e1ctica m\u00e9dica. Chile en el contexto hispanoamericano 1780-1830, Santiago de Chile, Universitaria.<\/p>\n<p>Lea m\u00e1s en HCS-Manguinhos:<\/p>\n<p><a href=\"http:\/\/www.revistahcsm.coc.fiocruz.br\/english\/colera-y-fiebre-amarilla-en-la-buenos-aires-del-siglo-xix\/\">C\u00f3lera y fiebre amarilla en la Buenos Aires del siglo XIX<\/a>\u00a0Una breve entrevista con Maximiliano Fiquepron, autor de \u201cMorir en las grandes pestes\u201d. El profesor analiza las principales epidemias en la Argentina del siglo XIX entre otros temas de la historia de las epidemias.<\/p>\n<p class=\"meta-info\">Fiquepron, Maximiliano Ricardo.\u00a0<a href=\"https:\/\/doi.org\/10.1590\/s0104-59702018000200003\" target=\"_blank\" rel=\"noopener noreferrer\"><span class=\"negrito\">Lugares, actitudes y momentos durante la peste: representaciones sobre la fiebre amarilla y el c\u00f3lera en la ciudad de Buenos Aires, 1867-1871<\/span><\/a>.\u00a0<i>Hist. cienc. saude-Manguinhos<\/i>, Jun 2018, vol.25, no.2.<\/p>\n<p class=\"meta-info\">Fiquepron, Maximiliano Ricardo. <a href=\"https:\/\/doi.org\/10.1590\/S0104-59702016000300011\" target=\"_blank\" rel=\"noopener noreferrer\">Estado y profesiones de la salud en Argentina: la enfermer\u00eda en el siglo XX<\/a>. Hist. cienc. saude-Manguinhos, Set 2016, vol.23, no.3.<\/p>\n<p class=\"meta-info\"><a href=\"http:\/\/www.revistahcsm.coc.fiocruz.br\/english\/history-of-vaccination-in-latin-america\/\">A history of vaccination in Latin America<\/a>\u00a0From polio to smallpox, from covid-19 to Malaria we have gathered all the articles about vaccine and vaccination already published in HCS-Manguinhos.<\/p>\n","protected":false},"excerpt":{"rendered":"<p>El historiador Maximiliano Fiquepron presenta una breve historia de las vacunas y reflexiona sobre el proceso de vacunaci\u00f3n, sus logros y resistencias.<\/p>\n","protected":false},"author":8,"featured_media":12819,"comment_status":"open","ping_status":"open","sticky":false,"template":"","format":"standard","meta":{"_price":"","_stock":"","_tribe_ticket_header":"","_tribe_default_ticket_provider":"","_tribe_ticket_capacity":"0","_ticket_start_date":"","_ticket_end_date":"","_tribe_ticket_show_description":"","_tribe_ticket_show_not_going":false,"_tribe_ticket_use_global_stock":"","_tribe_ticket_global_stock_level":"","_global_stock_mode":"","_global_stock_cap":"","_tribe_rsvp_for_event":"","_tribe_ticket_going_count":"","_tribe_ticket_not_going_count":"","_tribe_tickets_list":"[]","_tribe_ticket_has_attendee_info_fields":false,"footnotes":""},"categories":[1618],"tags":[334,1669,1770],"class_list":["post-12811","post","type-post","status-publish","format-standard","has-post-thumbnail","hentry","category-coronavirus-and-history","tag-campanas-de-vacunacion","tag-maximiliano-fiquepron","tag-vacuna"],"_links":{"self":[{"href":"https:\/\/revistahcsm.coc.fiocruz.br\/english\/wp-json\/wp\/v2\/posts\/12811","targetHints":{"allow":["GET"]}}],"collection":[{"href":"https:\/\/revistahcsm.coc.fiocruz.br\/english\/wp-json\/wp\/v2\/posts"}],"about":[{"href":"https:\/\/revistahcsm.coc.fiocruz.br\/english\/wp-json\/wp\/v2\/types\/post"}],"author":[{"embeddable":true,"href":"https:\/\/revistahcsm.coc.fiocruz.br\/english\/wp-json\/wp\/v2\/users\/8"}],"replies":[{"embeddable":true,"href":"https:\/\/revistahcsm.coc.fiocruz.br\/english\/wp-json\/wp\/v2\/comments?post=12811"}],"version-history":[{"count":7,"href":"https:\/\/revistahcsm.coc.fiocruz.br\/english\/wp-json\/wp\/v2\/posts\/12811\/revisions"}],"predecessor-version":[{"id":12851,"href":"https:\/\/revistahcsm.coc.fiocruz.br\/english\/wp-json\/wp\/v2\/posts\/12811\/revisions\/12851"}],"wp:featuredmedia":[{"embeddable":true,"href":"https:\/\/revistahcsm.coc.fiocruz.br\/english\/wp-json\/wp\/v2\/media\/12819"}],"wp:attachment":[{"href":"https:\/\/revistahcsm.coc.fiocruz.br\/english\/wp-json\/wp\/v2\/media?parent=12811"}],"wp:term":[{"taxonomy":"category","embeddable":true,"href":"https:\/\/revistahcsm.coc.fiocruz.br\/english\/wp-json\/wp\/v2\/categories?post=12811"},{"taxonomy":"post_tag","embeddable":true,"href":"https:\/\/revistahcsm.coc.fiocruz.br\/english\/wp-json\/wp\/v2\/tags?post=12811"}],"curies":[{"name":"wp","href":"https:\/\/api.w.org\/{rel}","templated":true}]}}