{"id":11592,"date":"2020-06-11T23:24:40","date_gmt":"2020-06-12T02:24:40","guid":{"rendered":"http:\/\/www.revistahcsm.coc.fiocruz.br\/english\/?p=11592"},"modified":"2020-06-12T17:24:44","modified_gmt":"2020-06-12T20:24:44","slug":"notas-sobre-nuestra-circunstancia","status":"publish","type":"post","link":"https:\/\/revistahcsm.coc.fiocruz.br\/english\/notas-sobre-nuestra-circunstancia\/","title":{"rendered":"Notas sobre nuestra circunstancia"},"content":{"rendered":"<p style=\"text-align: right;\">Maldonado, 7 de mayo de 2020.<\/p>\n<p>Dr. V\u00edctor Serr\u00f3n | Cerp del Este. CFE. ANEP. Uruguay.<\/p>\n<p><strong>1.\u00a0<\/strong><strong>De los comienzos.<\/strong><\/p>\n<div id=\"attachment_11593\" style=\"width: 210px\" class=\"wp-caption alignright\"><img loading=\"lazy\" decoding=\"async\" aria-describedby=\"caption-attachment-11593\" class=\"wp-image-11593 size-full\" src=\"http:\/\/www.revistahcsm.coc.fiocruz.br\/english\/wp-content\/uploads\/2020\/06\/Victor.jpeg\" alt=\"\" width=\"200\" height=\"200\" \/><p id=\"caption-attachment-11593\" class=\"wp-caption-text\">Victor Serr\u00f3n es profesor de historia y sociolog\u00eda.<\/p><\/div>\n<p>Desde el 31 de diciembre de 2019, se tuvo certeza de decenas de casos de una \u201cneumon\u00eda\u201d que no era SARS, ni MERS, ni influenza, tampoco de influenza aviar, en un hospital de la ciudad de Wuhan. As\u00ed lo inform\u00f3 la p\u00e1gina web de la OMS<a href=\"#_ftn1\" name=\"_ftnref1\">[1]<\/a>.<\/p>\n<p>Sin embargo, a pesar de que, en el mundo cient\u00edfico, se encendieron todas las alarmas, el cinco de enero, previo a los reyes magos, y los regalos que en Roma y Mil\u00e1n deja la bruja Befana, la OMS, indic\u00f3 de modo categ\u00f3rico:<\/p>\n<p><em>&#8220;La OMS no recomienda ninguna medida espec\u00edfica para los viajeros. En caso de presentar s\u00edntomas compatibles con una enfermedad respiratoria, ya sea durante o despu\u00e9s del viaje, se alienta a los viajeros a que busquen atenci\u00f3n m\u00e9dica e informen al profesional sanitario de los viajes que han realizado<\/em>.&#8221;<\/p>\n<p>Ya para el 12 de enero de 2020, se sab\u00eda, en el elemental an\u00e1lisis retrospectivo hecho, que el inicio de la epidemia ten\u00eda que remontarse a la primera semana de diciembre de 2019.<\/p>\n<p>(Desde el 13 de marzo sabemos que -por investigaciones m\u00e1s sofisticadas del \u00abSouth China Morning Post\u00bb -, que los primeros casos corresponden al 17 de noviembre de 2019, y existen acusaciones severas, de que fueron datados de modo retardado, con expresa conciencia de las autoridades<a href=\"#_ftn2\" name=\"_ftnref2\">[2]<\/a>.)<\/p>\n<p>El d\u00eda 8 de enero se encontraron casos documentados fuera de China, concretamente en Tailandia:<\/p>\n<p>\u201c<em>El paciente, que procede de Wuhan (China) y se encontraba de viaje, fue detectado el 8 de enero por funcionarios tailandeses y se le hospitaliz\u00f3 el mismo d\u00eda. De acuerdo con funcionarios tailandeses, se est\u00e1 recuperando<\/em>\u201d <a href=\"#_ftn3\" name=\"_ftnref3\">[3]<\/a>.<\/p>\n<p>Sin embargo, cuatro d\u00edas m\u00e1s tarde la OMS (12 de enero), reiter\u00f3 lo se\u00f1alado el d\u00eda 5 de enero, en cuanto a que no recomienda ninguna interrupci\u00f3n en los contactos con China<a href=\"#_ftn4\" name=\"_ftnref4\">[4]<\/a>. Ese mismo d\u00eda, adem\u00e1s de no recomendar, ninguna medida de restricci\u00f3n, con respecto a los viajes, indicaba la OMS:<em>\u00a0<\/em><\/p>\n<p><em>\u201cDe acuerdo con la informaci\u00f3n emitida por las autoridades, no hay pruebas claras de que el virus se contagie f\u00e1cilmente entre personas.\u201d<\/em><\/p>\n<p>Y haciendo gala de gran desinformaci\u00f3n -sin presumir, ning\u00fan atajo conspirativo- agregaba:<\/p>\n<p><em>\u201cPor el momento, no se ha informado de ning\u00fan caso de infecci\u00f3n por este nuevo coronavirus en lugares distintos de Wuhan\u201d.<a href=\"#_ftn5\" name=\"_ftnref5\"><strong>[5]<\/strong><\/a><\/em><\/p>\n<p>En cambio, con informaci\u00f3n en extremo fragmentaria cinco d\u00edas m\u00e1s tarde -el 17 de enero-, el Imperial College de Londres, consideraba altamente probable el contagio entre humanos y recomendaba tomar medidas, y lo dec\u00eda y escrib\u00eda en varias lenguas, entre ellas, en perfecto castellano<a href=\"#_ftn6\" name=\"_ftnref6\">[6]<\/a>.<\/p>\n<p>El d\u00eda 22 China se puso a tono, y admiti\u00f3 lo que era un secreto a voces: el contagio entre humanos estaba documentado<a href=\"#_ftn7\" name=\"_ftnref7\">[7]<\/a>.<\/p>\n<p>En v\u00edsperas del comienzo del a\u00f1o de la rata (del d\u00eda 24, al d\u00eda 25), el d\u00eda 23 de enero, el gobierno chino decidi\u00f3, cerrar la ciudad de Wuhan y confinar a toda su poblaci\u00f3n.<\/p>\n<p>La OMS, no ahorr\u00f3 elogios, ante una medida, que no hab\u00eda recomendado: Gauden Galea -representante, de la OMS en China-, la calific\u00f3, como in\u00e9dita, y que revelaba el alto compromiso del Estado chino, en la contenci\u00f3n de la nueva patolog\u00eda<a href=\"#_ftn8\" name=\"_ftnref8\">[8]<\/a>.<\/p>\n<p>Entre el 25 y el 31 de enero, se documentaron casos en Par\u00eds, en Alemania, Italia, Austria y Espa\u00f1a. \u00bfSer\u00edan realmente los primeros?<\/p>\n<p>Pero lo m\u00e1s destacado, entre el 21 y el 27 de enero se diagnosticaron casos en Toronto, y en USA (Estado de Washington).<\/p>\n<p>Y estos datos son fundamentales: hacia finales de enero -en menos de un mes- el virus del SARS-2 (Covid-19), ya se hab\u00eda dispersado por toda Eurasia, y hab\u00eda llegado a Am\u00e9rica (septentrional) y Australia. Emp\u00edricamente, no era necesario ning\u00fan subido an\u00e1lisis: el virus pasaba de un ser humano a otro. La zoonosis, se hab\u00eda cristalizado integralmente y abrazaba al mundo. Fines de enero. La propia OMS lo indic\u00f3 as\u00ed, algo tard\u00edamente<a href=\"#_ftn9\" name=\"_ftnref9\">[9]<\/a>.<\/p>\n<p>El R0 (n\u00famero reproductivo b\u00e1sico)<a href=\"#_ftn10\" name=\"_ftnref10\">[10]<\/a>, es el ritmo con el cual un virus o un germen se contagia. Para que no haya se\u00f1ales de alerta epid\u00e9mica, ese R0, debe ser menor a 1. Pero el Imperial College, da a conocer, a la prensa -en ingl\u00e9s-, el 5 de febrero <a href=\"#_ftn11\" name=\"_ftnref11\">[11]<\/a>, en castellano lo replica la BBC, <strong>el 12 de febrero<a href=\"#_ftn12\" name=\"_ftnref12\">[12]<\/a><\/strong>, que el R0 del SARS-2, se expande a una tasa que oscila entre 1,5 y 3,5, previamente los investigadores chinos lo hab\u00edan estimado en 4,08, mas recientemente la Universidad de los \u00c1lamos estima el R0 en 5,7.<\/p>\n<p>\u00bfQu\u00e9 se quiere significar? Muy simple: desde el 5, o si se quiere desde el 12 de febrero, cualquier estudiante de infectolog\u00eda, o demograf\u00eda, pudo saber que estaba frente a una nueva enfermedad, con un piso de contagio, por lo menos tan alto como la gripe, que tiene un R0, de 1,3. Con un sutil agravante, desde el 12 de enero de 2020, tenemos el ARN del virus secuenciado<a href=\"#_ftn13\" name=\"_ftnref13\">[13]<\/a> el mismo no era conocido entre humanos, y por supuesto, no dispon\u00edamos, ni disponemos de ning\u00fan remedio.<\/p>\n<p>Contagia y mata -se sab\u00eda desde el 11 enero de 2020<a href=\"#_ftn14\" name=\"_ftnref14\">[14]<\/a>-, y no disponemos de otra defensa, que nuestro sorprendido sistema inmunol\u00f3gico, ciertamente educado desde el neol\u00edtico, en enfrentar diversas zoonosis<a href=\"#_ftn15\" name=\"_ftnref15\">[15]<\/a>.<\/p>\n<p>Nuevamente el Imperial College, informa al mundo el 21 de febrero, entre otras lenguas, en perfecto castellano:<\/p>\n<p><em>\u201cAunque las restricciones de viaje desde la ciudad de Wuhan y otras ciudades de China pueden haber reducido el n\u00famero absoluto de viajeros desde y hacia China, estimamos que aproximadamente dos tercios de los casos de COVID-19 exportados desde China continental han pasado sin ser detectados en todo el mundo, lo que podr\u00eda dar lugar a m\u00faltiples cadenas de transmisi\u00f3n de persona a persona a\u00fan no detectadas fuera de China continental.\u201d<a href=\"#_ftn16\" name=\"_ftnref16\"><strong>[16]<\/strong><\/a><\/em><\/p>\n<p>Si alguien so\u00f1\u00f3 que la am\u00e9rica meridional, se iba a quedar fuera del circuito, el 26 de febrero debi\u00f3 despertar, en San Pablo, de document\u00f3 el primer caso:<\/p>\n<p><em>\u201cEl Ministerio de Salud de Brasil confirm\u00f3 este mi\u00e9rcoles que un hombre de 61 a\u00f1os que recientemente viaj\u00f3 a Italia dio positivo por covid-2019, con lo que se convierte en el primer caso detectado oficialmente en Am\u00e9rica Latina\u201d<a href=\"#_ftn17\" name=\"_ftnref17\"><strong>[17]<\/strong><\/a>.<\/em><\/p>\n<p><em>\u00a0<\/em>A los seis d\u00edas, el 3 de marzo, el germen se instal\u00f3 en Buenos Aires:<\/p>\n<p><em>Este martes, el Ministerio de Salud de Argentina confirm\u00f3 el primer\u00a0 \u00a0 \u00a0 \u00a0 caso del nuevo coronavirus en el pa\u00eds.\u00a0<\/em><em>Lo anunci\u00f3 en conferencia de\u00a0 \u00a0 prensa el ministro de Salud, Gin\u00e9s Gonz\u00e1lez Garc\u00eda. El paciente es un\u00a0 \u00a0 \u00a0 \u00a0 \u00a0 hombre de 43 a\u00f1os que lleg\u00f3 a Buenos Aires procedente de Mil\u00e1n,\u00a0 \u00a0 \u00a0 \u00a0 \u00a0 \u00a0 \u00a0 \u00a0 Italia, este domingo, y se atendi\u00f3 en una cl\u00ednica privada de la\u00a0 \u00a0 \u00a0 \u00a0 \u00a0 \u00a0 \u00a0 \u00a0 capital Argentina.<\/em><\/p>\n<p>El 11 de marzo de 2020, la OMS, declara que el nuevo SARS 2, o COVID-19, tiene alcance planetario y declara el estado de pandemia:<\/p>\n<p>\u201c11 de marzo de 2020<\/p>\n<p>Profundamente preocupada por los alarmantes niveles de propagaci\u00f3n de la enfermedad y por su gravedad, y por los niveles tambi\u00e9n alarmantes de inacci\u00f3n, la OMS determina en su evaluaci\u00f3n que la COVID-19 puede caracterizarse como una pandemia.<\/p>\n<p>En Montevideo, los primeros casos se detectaron el 13 de marzo.<\/p>\n<p>&nbsp;<\/p>\n<p><strong>2. Del peligro al riesgo.<\/strong><\/p>\n<p><strong>\u00a0<\/strong>El lente te\u00f3rico, que se adoptar\u00e1 en esta intervenci\u00f3n, es el sugerido, por un grupo de autores heterog\u00e9neos, que provienen de disciplinas a menudo divergentes, y con tradiciones de inserci\u00f3n acad\u00e9micas tambi\u00e9n variadas, pero quien inspir\u00f3 la estructura del texto, y la linea argumental fue Claire Hooker, en una excelente intervenci\u00f3n sobre la experiencia del SARS, en Canad\u00e1<a href=\"#_ftn20\" name=\"_ftnref20\">[20]<\/a>.<\/p>\n<p>Historiadores como William Mc Neill, Alfred Crosby, genetistas como Jeffery Tauberberger, o soci\u00f3logos como Antony Giddens, Niklas Luhmann, Ulrich Beck y Robert Castel, en medio de diferencias inocultables, tienden a caracterizar nuestra modernidad reciente en t\u00e9rminos de riesgo.<\/p>\n<p>Robert Castel, en un texto muy conocido \u2013 <em>De La Peligrosidad al Riesgo<a href=\"#_ftn21\" name=\"_ftnref21\"><strong>[21]<\/strong><\/a><\/em>-, y referido a la cuesti\u00f3n sanitaria, indicaba, que, si la cuesti\u00f3n de lo peligroso era el eje vertebrador de las acciones sanitarias hasta las \u00faltimas d\u00e9cadas del siglo XX, a partir de los noventa, se produce un fuerte desplazamiento hacia un abordaje centrado en los factores de riesgo de la poblaci\u00f3n.<\/p>\n<p>Desde el eje m\u00e9dico-paciente, la cuesti\u00f3n sanitaria, se habr\u00eda ido desplazando hacia los flujos de poblaci\u00f3n y su respectiva gesti\u00f3n en los \u00faltimos a\u00f1os del siglo XX.<\/p>\n<p>Mateo Legnani, en el Montevideo de 1917, indicaba:<\/p>\n<p>\u201c<em>La tuberculosis y la s\u00edfilis son modos de venganza de las clases sociales despose\u00eddas (\u2026) la prostituta y la sirvienta, salidas del hogar, arrojadas al arroyo, est\u00e1n encargadas de llevar (las enfermedades) hacia los palacios, depositarlas all\u00ed y matar ni\u00f1os e idiotizar adolescentes<\/em>\u201d<a href=\"#_ftn22\" name=\"_ftnref22\">[22]<\/a>.<\/p>\n<p>El peligro, claramente es la atm\u00f3sfera, que se infiere de tal intervenci\u00f3n m\u00e9dica.<\/p>\n<p>Un cl\u00e1sico de la medicina del siglo XX fue sin duda, las enfermedades de trasmisi\u00f3n sexual. En la nueva perspectiva del riesgo, no se tratar\u00eda tanto (c\u00f3mo lo era en el novecientos), ni fundamentalmente, de poner restricciones a las personas, cuanto, de prevenir acciones de riesgo.<\/p>\n<p>Esas acciones de riesgo suponen informaci\u00f3n -campa\u00f1as de prensa, y de educaci\u00f3n sexual- acciones positivas que orienten a padres, y a j\u00f3venes -como practicar deportes- para que las personas puedan optar informadamente, tener relaciones sexuales no precipitadas y con cond\u00f3n.<\/p>\n<p>Ni el joven, ni la prostituta, tampoco la persona que busca un devaneo sexual, son peligrosas, o portadores del mal, sino que son pasibles de conductas m\u00e1s o menos arriesgadas. Y el principio del riesgo se extiende a todas las personas.<\/p>\n<p>Por medio de indicadores confiables se puede determinar, quienes poseen mayor propensi\u00f3n a la conducta no deseada, y sobre ellos es que se aplica, por parte de los dise\u00f1adores de pol\u00edtica una estrategia para mitigar los da\u00f1os. La estrategia, implica modelos demogr\u00e1ficos, sociol\u00f3gicos y culturales, y sobre todo una gesti\u00f3n d\u00f3nde la estelaridad se encuentra en el experto en gesti\u00f3n, antes que el especialista en salud o ciencias sociales.<\/p>\n<p>Con los consumos problem\u00e1ticos ocurre algo similar, antes que una l\u00f3gica de prohibici\u00f3n tiende, a ser m\u00e1s convincentes pol\u00edticas que gestionen los riesgos.<\/p>\n<p>Las enfermedades en este enfoque surgen antes de que nada por un estilo de vida: consumo de alcohol, fumar, sedentarismo. Por consiguiente, lograr la reducci\u00f3n de lo indeseable pasa por generar oportunidades de cambio de h\u00e1bitos, informaci\u00f3n y conducci\u00f3n de grandes poblaciones a direcciones previamente consignadas.<\/p>\n<p>El nuevo modelo de caracterizar las enfermedades, en t\u00e9rminos de riesgo y no de peligrosidad, surgir\u00eda de la constataci\u00f3n que los sue\u00f1os higienistas, estimulados por una bacteriolog\u00eda demasiado novedosa, no hab\u00eda logrado cumplir con sus promesas.<\/p>\n<p>Las hip\u00f3tesis de eliminar los focos indeseables tal vez sean alcanzables con animales, como las aves infectadas en el sudeste asi\u00e1tico, o los cerdos con aftosa, en el 2002, en el R\u00edo de la Plata.<\/p>\n<p>Eliminar la peligrosidad, por lo dem\u00e1s se encuentra en los fundamentos de las menos admiradas de las soluciones pol\u00edticas del siglo XX: ni la experiencia nazi, ni la estalinista, tampoco la que se experiment\u00f3 entre nosotros, con el terrorismo de estado, parecen sugerir modelos de acci\u00f3n social, o de desarrollo de pol\u00edticas, que ofrezcan atractivos antecedentes.<\/p>\n<p>Por tanto, Castel postula que el modelo de peligrosidad entra en crisis por dos razones: a) un fracaso emp\u00edrico, y b) una notoria inconveniencia pol\u00edtica.<\/p>\n<p>El modelo del riesgo al no exigir la presencialidad tan central de paciente y m\u00e9dico permite detectar de modo confiable, mediante el depurado c\u00e1lculo estad\u00edstico, d\u00f3nde se encuentra el riesgo de la situaci\u00f3n indeseable: antes que tratar con el embarazo adolescente, una pol\u00edtica de riesgo analiza de manera virtuosa donde se producen los mismos, y se puede adelantar, detectar la fuente y los comportamientos que hay que desestimular, y que se presentan asociados.<\/p>\n<p>El modelo se impone, con pocas resistencias, pues ya no hay embarazos generados por razones ontol\u00f3gicas, sino tan solo situacionales, antes que abordar al individuo, y culpabilizarlo, alejarlo o encerrarlo, se trata tan solo de disolver o diluir el complejo causal, que puede ser determinado con un alto nivel de precisi\u00f3n.<\/p>\n<p>Un nuevo modelo de gobierno basado en vigilancias, en observaciones sistem\u00e1ticas, que discutirlas no resulta nada sencillo, ni siquiera para los anteriores t\u00e9cnicos artesanales, como los m\u00e9dicos cl\u00ednicos.<\/p>\n<p>De hecho, el modelo del riesgo se extiende sobre todo el espacio social, y lo absorbe, en una muy insistente, investigaci\u00f3n continua: nuestras encuestas continuas de hogares detectan por doquier riesgos sanitarios, culturales, econ\u00f3micos, sociales, existenciales, en suma, de manera mensual o trimestral -dependiendo del indicador.<\/p>\n<p>Desde luego que el nuevo modelo que se impone esconde muy mal su sue\u00f1o: no hay ya elementos que se sit\u00faen fuera de la sedosa mano de la gubernamentalidad. No hay nada que pueda ya aterrorizar, todo puede ser modulado, y gestionado hasta un final deseado, naturalmente en los l\u00edmites de un mundo sin imprevistos, sin monstruosidades.<\/p>\n<p>En ciertas condiciones de existencia, el modelo del riesgo actuarial es notoriamente posible de ser implementado, a condici\u00f3n de que no se admitan como sist\u00e9micos las irrupciones de factores violentos o imprevistos.<\/p>\n<p>No se requiere demasiado esfuerzo, para inferir, que si en el espacio de los Estados nacionales, el modelo de peligrosidad agot\u00f3 las esperanzas de \u00e9xito a finales del siglo XX, en un plano, ya no internacional, sino global<a href=\"#_ftn23\" name=\"_ftnref23\">[23]<\/a> -que supone la existencia de dimensiones sociales que no se agotan, en la suma o relaci\u00f3n entre Estados, y que trata con magnitudes poblacionales, que van desde los 5000 a los 6000 millones de personas ( hoy entre 7000 y 8000 millones), con un doble correlativo y positivo de urbanizaci\u00f3n, sumado a la intensificaci\u00f3n del transporte territorial, acu\u00e1tico, y sobre todo a\u00e9reo- la peligrosidad, parece un expediente notoriamente obsoleto: \u00bfd\u00f3nde ubicar a los peligrosos, d\u00f3nde confinarlos, en un mundo donde la conectividad real -de pasajeros-, entre la ant\u00edpodas geogr\u00e1ficas se mide en horas (San Pablo a Tokio, en nuestros d\u00edas se recorre por avi\u00f3n, en un lapso que oscila entre 19 a 23 horas) , y no necesariamente con escalas? \u00bfC\u00f3mo postular las r\u00edgidas separaciones, en una sociedad, una cultura, y una econom\u00eda, que se sostiene en los encuentros?<\/p>\n<p>Si para los autores del Lev\u00edtico, los fundamentos religiosos, pod\u00edan doblarse en sanitarios, y as\u00ed hacer prosperar las separaciones que, con tanto caudal, estudi\u00f3, entre otros, Michel Foucault, en <em>La Historia de la Locura, <\/em>es muy claro, que ya desde el mundo colonial, imperial, y m\u00e1s a\u00fan en el global, las clausuras no se imponen con facilidad, ni surgen como derivados l\u00f3gicos, ni siquiera para una personalidad tan importante, como el presidente de los Estados Unidos.<\/p>\n<p>En ese contexto, el modelo del riesgo se volvi\u00f3, un expediente altamente apreciado, por las organizaciones, que, con variado \u00e9xito, pretenden introducir alguna regulaci\u00f3n en nuestra actual circunstancia.<\/p>\n<p>Sin ser demasiado sumario, el mundo global -tal cual lo conocemos- se sostiene o retrocede, en relaci\u00f3n directa, al \u00e9xito que recojan que los modelos de gobernanza, que se implementen.<\/p>\n<p>Si trazamos un eje que tenga en un extremo a la peligrosidad, y el otro al riesgo, es muy claro, que el candidato para regular nuestro mundo tiende a aproximarse al polo del riesgo, y distanciarse del de la peligrosidad. Aunque en ocasiones puntuales, la peligrosidad, no se descarte en absoluto, pero de ser el vertebrador de la estrategia, pasa a jugar como un componente que solo se puede utilizar, de modo muy meditado. El ser o entidad peligrosa, lo se\u00f1ala el modelo matem\u00e1tico del riesgo, y no a la inversa. No es lo peligroso, lo que explique al modelo de riesgo. Si lo indeseable son los ataques terroristas, est\u00e1 muy claro, despu\u00e9s de la experiencia recogida entre 2015 y 2018, en Paris, Barcelona, Bruselas o Estambul, que cerrar la conexi\u00f3n a\u00e9rea, con algunos pa\u00edses de medio oriente, no son expedientes muy exitosos. Detectado, el foco, se requiere de una pol\u00edtica capilar, que gestione los eventuales brotes, y eso lo hace la llamada \u201cinteligencia policial\u201d que no es m\u00e1s que un modelo de riesgo, o de gubernamentalidad, que combina una raz\u00f3n de estado (hoy con ayuda del Big Data), y una precisa tecnolog\u00eda pastoral (qu\u00e9 dice, qu\u00e9 piensa el individuo, qu\u00e9 lo atrae, qu\u00e9 rechaza), que lejos de oponerse se integra con un refinamiento creciente.<\/p>\n<p>&nbsp;<\/p>\n<p><strong>3.\u00a0<\/strong><strong>\u00bfC\u00f3mo gestiona al mundo global la OMS?<\/strong><\/p>\n<p>Para quien redacta, parece muy evidente, que el Global Outbreak Alert and Response Network<a href=\"#_ftn24\" name=\"_ftnref24\">[24]<\/a> (GOARN), y el marco normativo, que se deriva del Reglamento Sanitario de 2005, responde a lo que Castel llam\u00f3 modelo de riesgo, antes que de peligrosidad<a href=\"#_ftn25\" name=\"_ftnref25\">[25]<\/a>.<\/p>\n<p>El reglamento sanitario de 2005 permite, que el denunciante del brote epid\u00e9mico no sea necesariamente el estado miembro:<\/p>\n<p>\u201c<em>Art\u00edculo 9 Otros informes<\/em><\/p>\n<ol>\n<li><em> <strong>La OMS podr\u00e1 tomar en cuenta los informes procedentes de fuentes distintas de las notificaciones (negrita propia)<\/strong> o consultas y evaluar\u00e1 esos informes con arreglo a los principios epidemiol\u00f3gicos establecidos; seguidamente comunicar\u00e1 informaci\u00f3n sobre el evento al Estado Parte en cuyo territorio presuntamente est\u00e9 ocurriendo dicho evento. Antes de adoptar medida alguna sobre la base de esos informes, la OMS consultar\u00e1 al Estado Parte en cuyo territorio est\u00e9 produci\u00e9ndose presuntamente el evento y procurar\u00e1 obtener de ese Estado Parte la verificaci\u00f3n del evento de conformidad con el procedimiento establecido en el art\u00edculo 10. Para ello, la OMS pondr\u00e1 a disposici\u00f3n de los Estados Parte la informaci\u00f3n recibida, y s\u00f3lo en caso de que est\u00e9 debidamente justificado podr\u00e1 la OMS mantener la confidencialidad de la fuente. Esa informaci\u00f3n se utilizar\u00e1 de conformidad con el procedimiento establecido en el art\u00edculo 11.\u201d<a href=\"#_ftn26\" name=\"_ftnref26\"><strong>[26]<\/strong><\/a><\/em><\/li>\n<\/ol>\n<p>Si esa es la base normativa, la infraestructura es<strong> la Red Mundial de Alerta y Respuesta ante Brotes Epid\u00e9micos, <\/strong>que integran 120 n\u00facleos, derramados en planeta, y que presume, en un video promocional, en franc\u00e9s, ingl\u00e9s y castellano, que se encuentra en condiciones de advertir del surgimiento de un brote en cuesti\u00f3n de horas o d\u00edas.<\/p>\n<p>\u00bfQui\u00e9nes la integran?<\/p>\n<p>\u201c<em>La Red Mundial de Alerta y Respuesta ante Brotes Epid\u00e9micos a\u00fana los recursos t\u00e9cnicos y operacionales de instituciones cient\u00edficas de los Estados Miembros, iniciativas m\u00e9dicas y de vigilancia, redes t\u00e9cnicas regionales, redes de laboratorios, organizaciones de las Naciones Unidas (por ejemplo, UNICEF, ACNUR), la Cruz Roja (Comit\u00e9 Internacional de la Cruz Roja, Federaci\u00f3n Internacional de Sociedades de la Cruz Roja y de la Media Luna Roja y sociedades nacionales), y ONG humanitarias internacionales (M\u00e9decins sans Fronti\u00e8res, Comit\u00e9 Internacional de Rescate, Merlin y Epicentre). Pueden participar instituciones, redes y organizaciones t\u00e9cnicas con capacidad para contribuir a la labor internacional de alerta y respuesta ante brotes epid\u00e9micos<\/em>.\u201d<a href=\"#_ftn27\" name=\"_ftnref27\">[27]<\/a><\/p>\n<p>Naturalmente, uno u otro actor podr\u00edan ser de discutible confianza, no obstante, la heterogeneidad de la red vuelve dificultosa una conspiraci\u00f3n. Y en esa diversidad que se extiende desde actores pol\u00edticos -los Estados- a actores econ\u00f3micos -los laboratorios- a actores de alto compromiso social -las ONG, organizaciones humanitarias-, pasando por las organizaciones dependientes de naciones unidas, y que incluye a organizaciones cient\u00edficas, se concentra su fortaleza.<\/p>\n<p>&nbsp;<\/p>\n<p><strong>4.<\/strong><strong>\u00bfQu\u00e9 ocurri\u00f3 con el tan reputado, y elogiado, Global Outbreak Alert and Response Network (GOARN) en el caso del covid-19?<\/strong><\/p>\n<p>Es muy evidente, que ning\u00fan vuelo, ning\u00fan dron, ning\u00fan sat\u00e9lite capt\u00f3 inusuales movimientos en torno al hospital de Wuhan, tampoco el \u201cBig Data\u201d, pudo advertir de conversaciones -o simplemente frecuencia de vocablos- o preocupaciones sanitarias, en torno a la ciudad de Wuhan, en el mes de noviembre, o a\u00fan en el mes de diciembre. De hecho todos los sistemas de inteligencia, que se puedan imaginar, fracasaron de modo inapelable.<\/p>\n<p>Tampoco las autoridades sanitarias, del sudeste asi\u00e1tico, advirtieron nada extra\u00f1o, antes del aviso que dio China, el 31 de diciembre de 2019.<\/p>\n<p>Fuera de China, el primer elemento disonante, se obtiene el 8 de enero de 2020, en Tailandia.<\/p>\n<p>La hip\u00f3tesis de algunos gobiernos es que el Dr. Tedros Adhanom Ghebreyesus, y su entorno, son proclives a China y lo sostienen se\u00f1alando, que su pa\u00eds de origen -Etiopia, de quien fue canciller- tiene como principal inversor al estado chino. \u00bfRacismo solapado?<\/p>\n<p>No obstante, m\u00e1s all\u00e1 de la discutible transparencia del director del OMS, es evidente, que el Imperial College, no es una agencia que dependa de presidente Xi Jinping, y desde temprano advirti\u00f3, que el virus era altamente contagioso, y que infectaba entre humanos.<\/p>\n<p>El Dr. Jeffery K. Taubenberger y su equipo publicaron el 26 de febrero -el mismo d\u00eda que entr\u00f3 en Brasil el covid-19-, un notable art\u00edculo <em>\u201cEscaping Pandora\u2019s Box \u2014 Another Novel Coronavirus\u201d,<\/em> advirtiendo el espesor de la nueva enfermedad en t\u00e9rminos ya no anuales, sino seculares. Y Taubenberger, es nada m\u00e1s ni nada menos quien decodific\u00f3 el virus que caus\u00f3 la epidemia de 1918-1919.<\/p>\n<p>No resulta cre\u00edble que ese equipo de cient\u00edficos, en un brote de inspiraci\u00f3n hayan advertido la profundidad del problema el d\u00eda 25 de febrero. Sin duda lo intu\u00edan desde antes.<\/p>\n<p>Desde luego que resulta muy poco cre\u00edble, que Par\u00eds<a href=\"#_ftn28\" name=\"_ftnref28\">[28]<\/a>, Londres o Berl\u00edn, carecieran de informes que enmarcaran con realismo, el problema. El n\u00facleo que rodeaba al imperial College lo ten\u00eda muy claro a mediados de Enero:<\/p>\n<p><em>\u00a0<\/em><em>\u201cMuchos aspectos del nuevo brote de coronavirus COVID-19 (anteriormente denominado 2019-nCoV) en Wuhan son altamente inciertos. Sin embargo, la detecci\u00f3n de tres casos por fuera de China (dos en Tailandia, uno en Jap\u00f3n) es preocupante\u201d. <\/em><\/p>\n<p>Y agregaban, con un tono de inocultable alerta, aun para la flema brit\u00e1nica:<\/p>\n<p><em>\u201cla magnitud de estos n\u00fameros sugiere que una substancial transmisi\u00f3n de humano a humano no puede ser descartada. Se recomienda un incremento en la vigilancia, intercambio r\u00e1pido de informaci\u00f3n y un fortalecimiento de los planes de preparaci\u00f3n.\u201d<a href=\"#_ftn29\" name=\"_ftnref29\"><strong>[29]<\/strong><\/a><\/em><\/p>\n<p><em>\u00a0<\/em>Y no lo hizo, de manera confidencial, alcanza con seguir la cronolog\u00eda de noticias de la BBC de Londres, para advertir que nadie que se dedicara al tema pod\u00eda permanecer indiferente.<\/p>\n<p>Personal altamente especializado, y culto, debi\u00f3 advertir, a las elites pol\u00edticas, y econ\u00f3micas de las eventualidades, las futuras investigaciones se\u00f1alaran o no la veracidad de la hip\u00f3tesis.<\/p>\n<p>&nbsp;<\/p>\n<p><strong>5. En Uruguay.<\/strong><\/p>\n<p>El 31 de enero de 2020, luego que el germen se hab\u00eda instalado en la am\u00e9rica del norte, el subsecretario de salud p\u00fablica Jorge Qui\u00e1n ante preguntas de una periodista se\u00f1alaba acerca del riesgo de la llegada del virus al pa\u00eds:<\/p>\n<p><em>\u201cEs un riesgo muy bajo\u201d<\/em><\/p>\n<p>Y agregaba:<\/p>\n<p>\u201c<em>Que la trasmisibilidad en menor que otros virus<\/em>\u201d y lo compara con el sarampi\u00f3n.<\/p>\n<p>La comparaci\u00f3n es muy exigente, son pocos los virus -si existen- que sean tan contagiosos como el virus del sarampi\u00f3n.<\/p>\n<p>El R0 del sarampi\u00f3n que llega a 18, se encuentra en el primer lugar de la trasmisibilidad.<\/p>\n<p>Y ampliaba indicando, que <em>\u201cla mortalidad en menor comparado con pandemias que hubo a\u00f1os atr\u00e1s (sic)<\/em><\/p>\n<p><em> -el SARS\u201d <\/em>dice la periodista.<\/p>\n<p>Y el agrega &#8211;<em>el SARS por ejemplo\u201d. <\/em><\/p>\n<p>\u2026<\/p>\n<p><em>\u201cY el dengue cuanto preocupa\u201d <\/em>se\u00f1ala la periodista &#8211;<em>Mucho porque hay una epidemia important\u00edsima\u201d, <\/em>responde el Dr. Qui\u00e1n<a href=\"#_ftn30\" name=\"_ftnref30\"><em><strong>[30]<\/strong><\/em><\/a>.<\/p>\n<p>Reci\u00e9n el 3 de marzo, las nuevas autoridades del MSP, se refirieron al nuevo virus, y con tranquilidad informaron, de su inminencia, al respecto indic\u00f3 el Dr. Asqueta:<\/p>\n<p>\u201c<em>Uruguay est\u00e1 preparado para que esta epidemia llegue en alg\u00fan momento<\/em>\u201d<a href=\"#_ftn31\" name=\"_ftnref31\">[31]<\/a>.<\/p>\n<p>Sin embargo, tres d\u00edas m\u00e1s tarde, el 6 de marzo, la preparaci\u00f3n no era la nota dominante en el aeropuerto de Carrasco. Lo m\u00e1s cercano a la paciente cero, que se detect\u00f3 en el pa\u00eds relataba:<\/p>\n<p><em>\u201cEl 6 de marzo volv\u00ed a Uruguay. Pregunt\u00e9 si hab\u00eda alguna medida en el aeropuerto porque ven\u00eda de Europa y me dijeron que no\u201d<\/em><\/p>\n<p><em>\u00a0<\/em><em>Seg\u00fan Sputnik, al aparecer los primeros s\u00edntomas, Hontou pidi\u00f3 al hospital privado Brit\u00e1nico que le realizara estudios en su casa, pero las autoridades se negaron.<\/em><\/p>\n<p><em>\u00a0<\/em><em>Dijo que luego de insistir \u201caccedieron\u201d a enviarle un enfermero a su domicilio y las muestras las derivaron al Ministerio de Salud P\u00fablica (MSP).<\/em><\/p>\n<p><em>\u00a0<\/em><em>\u201cEl Ministerio de Salud P\u00fablica rechaz\u00f3 mi an\u00e1lisis porque dijeron que yo no era una paciente grave, mov\u00ed cielo y tierra para que en este pa\u00eds nadie se infectara, porque me quer\u00edan internar al hospital brit\u00e1nico\u201d<a href=\"#_ftn32\" name=\"_ftnref32\"><strong>[32]<\/strong><\/a>.<\/em><\/p>\n<p>Fueron de tal impacto, las declaraciones de la primera enferma documentada, que el gobierno entrante dej\u00f3 trascender, tal vez, a modo de justificaci\u00f3n, que, al asumir, la preparaci\u00f3n de la que hablaba con insistencia el subsecretario saliente -Dr. Qui\u00e1n- y el director general de salud entrante -Dr. Asqueta- era cuando menos discutible:<\/p>\n<p><em>\u00a0<\/em><em>\u201cCuando Daniel Salinas se hizo cargo del Ministerio de Salud P\u00fablica la realidad no pod\u00eda ser peor: el coronavirus ya hab\u00eda llegado a Brasil y el laboratorio central de la cartera apenas ten\u00eda 100 kits de diagn\u00f3stico que permiten detectar la enfermedad\u201d<a href=\"#_ftn33\" name=\"_ftnref33\"><strong>[33]<\/strong><\/a><\/em>.<\/p>\n<p>C\u00f3mo resulta f\u00e1cil, de intuir, esto fue motivo de disputa pol\u00edtica, entre los gobernantes, salientes y los entrantes, y la prensa y las redes sociales lo reprodujeron de manera integral, no obstante, lo que no aparece muy documentado, es el hecho simple, de que la informaci\u00f3n sobre la gravedad de la epidemia era ostensible, para quien quisiera conocerla.<\/p>\n<p>Tanto el ministerio saliente, con Jorge Qui\u00e1n a la cabeza, como el entrante, con solo leer los reportes diarios, que publicaba la BBC de Londres, resultaba suficiente, para tener una idea bastante precisa, de una serie de cuestiones.<\/p>\n<ol>\n<li>La trasmisibilidad del virus ciertamente no era el de sarampi\u00f3n, pero se acercaba a la tos ferina, a la viruela, a la rubeola, y superaba a la de la gripe o influenza.<\/li>\n<li>Los controles, llenos de perforaciones, se hac\u00edan, desde por lo menos un mes, en Europa occidental.<\/li>\n<li>La mortalidad, en magnitudes imprecisas, se registraba, en todo el mundo hacia el 1 de marzo de 2020.<\/li>\n<li>Las autoridades de la OMS no estaban precisamente, actuando con medidas muy \u00e1giles.<\/li>\n<\/ol>\n<p>Por tanto, la insensibilidad del Dr. Qui\u00e1n, o la preocupaci\u00f3n del Dr. Asqueta, no logran salvar, ese hiato, aunque ambas hayan existido.<\/p>\n<p>&nbsp;<\/p>\n<p><strong>6. Del riesgo al peligro: 13 de marzo de 2020 en Uruguay.<\/strong><\/p>\n<p><strong>\u00a0<\/strong>A partir del d\u00eda 3 de marzo, con el primer caso documentado en Buenos Aires, tan cercana siempre por variadas y confesables razones, y particularmente desde el d\u00eda 6 con la llegada de la hipot\u00e9tica paciente cero, al d\u00eda 13 de marzo, los mensajes en redes sociales -por lo menos es lo que experiment\u00f3 quien escribe- se intensificaron con variados rumores, e inocultables ansiedades.<\/p>\n<p>Las ansiedades, no son una respuesta calculada, en virtud de una probabilidad sostenida en el teorema de Bayes, sino la respuesta, que anida, en zonas muy profunda de nuestra psiquis, y son movilizadas por el miedo.<\/p>\n<p>La respuesta racional, que seg\u00fan el instituto Pasteur de Paris, hab\u00eda logrado desarmar, a la epidemia del SARS<a href=\"#_ftn34\" name=\"_ftnref34\">[34]<\/a>, gracias al alerta mundial que dio la OMS en 2003, y la consiguiente movilizaci\u00f3n planetaria, claramente no se ha verificado, en el presente caso a\u00fan en curso.<\/p>\n<p>Por tanto, la racionalidad que pone en juego el an\u00e1lisis de riesgo, y la gobernanza global, fue dejando espacio, para su alternativa, el peligro, y su espacio, la patria, el barrio, la casa o el hogar, inclusive un poco m\u00e1s: el propio cuerpo individualmente considerado.<\/p>\n<p>Una vez que el poder ejecutivo uruguayo, constat\u00f3 en la tarde-noche del d\u00eda 13 de marzo, los primeros cuatro casos, la respuesta no fue gradual, sino radical, y cortante:<\/p>\n<p>&#8220;<em>de forma preventiva&#8221; se declara la emergencia sanitaria, por lo que se va a proceder a &#8220;un cierre parcial de fronteras&#8221;, lo que &#8220;implica una cuarentena obligatoria para los provenientes de pa\u00edses declarados en riesgo&#8221;. Adem\u00e1s, en este mismo apartado, se declar\u00f3 la &#8220;prohibici\u00f3n de descensos de pasajeros y tripulantes de cruceros&#8221;. En lo que refiere a la interna de nuestro pa\u00eds, declar\u00f3 la &#8220;suspensi\u00f3n de todos los espect\u00e1culos p\u00fablicos&#8221;<a href=\"#_ftn35\" name=\"_ftnref35\"><strong>[35]<\/strong><\/a><\/em><\/p>\n<p><em>\u00a0<\/em>La escalada de medidas no par\u00f3 en el cierre parcial de fronteras, la prohibici\u00f3n de descensos de pasajeros de cruceros, y la suspensi\u00f3n de los espect\u00e1culos p\u00fablicos, al d\u00eda siguiente, es decir s\u00e1bado 14 de marzo:<\/p>\n<p><em>\u201cTras la constataci\u00f3n de dos nuevos casos de coronavirus, lleg\u00f3 a seis la cifra confirmada. El Gobierno suspendi\u00f3 las clases en todos los niveles educativos p\u00fablicos y privados por 14 d\u00edas y garantizar\u00e1 la alimentaci\u00f3n de los estudiantes que asisten a comedores\u201d<a href=\"#_ftn36\" name=\"_ftnref36\"><strong>[36]<\/strong><\/a>.<\/em><strong>\u00a0<\/strong><\/p>\n<p>La universidad p\u00fablica y algunas universidades privadas, ya desde el d\u00eda anterior -13 de marzo- se hab\u00edan adelantado, a la suspensi\u00f3n de aulas:<\/p>\n<p><em>\u201cUdelar suspendi\u00f3 las clases por una semana para prevenir la expansi\u00f3n del coronavirus\u201d<a href=\"#_ftn37\" name=\"_ftnref37\"><strong>[37]<\/strong><\/a>.<\/em><\/p>\n<p>El modelo del peligro, pronto se extendi\u00f3 al resto de la poblaci\u00f3n uruguaya, y en algunas zonas costeras, se comenzaron a instalar cordones sanitarios m\u00e1s o menos espont\u00e1neos:<\/p>\n<p><em>\u201cEn los \u00faltimos d\u00edas, adem\u00e1s, se produjeron cortes de calles por parte de vecinos que intentaron impedir que las personas ingresen a los balnearios, ya sea a sus hogares o casas alquiladas. Por ejemplo, vecinos de La Paloma reclamaron el cierre del balneario ante ingreso &#8220;masivo&#8221; de visitantes y pobladores de Punta del Diablo cortaron la ruta para impedir el ingreso al lugar.\u201d<a href=\"#_ftn38\" name=\"_ftnref38\"><strong>[38]<\/strong><\/a><\/em><\/p>\n<p><em>\u00a0<\/em>C\u00f3mo en episodios rescatados de la edad media, o de la era temprano moderna, el primado del modelo del peligro gener\u00f3 acciones violentas, que proven\u00edan no del centro del poder, sino de sus bases. En Punta del Diablo, balneario del departamento de Rocha, se quem\u00f3 un rancho de un supuesto infectado por coronavirus:<\/p>\n<p>\u201c<em>desconocidos quisieron incendiar su rancho. El fuego alcanz\u00f3 a parte del quincho<\/em>\u201d<a href=\"#_ftn39\" name=\"_ftnref39\">[39]<\/a><\/p>\n<p>Y adem\u00e1s fue insultado, por traer la enfermedad a un lugar, no contaminado, en otros t\u00e9rminos, puro:<\/p>\n<p>\u201c<em>El hombre dijo que ha recibido amenazas tanto en Punta del Diablo como en Montevideo. &#8220;Me dec\u00edan fuera bicho o \u00bfc\u00f3mo and\u00e1s coronita<\/em>?\u201d<a href=\"#_ftn40\" name=\"_ftnref40\">[40]<\/a><\/p>\n<p>La idea del individuo que porta al peligro, y que se lo debe apartar, lleg\u00f3 a Uruguay con rapidez inusitada:<\/p>\n<p>\u201c<em>Montevideana con COVID-19 fue denunciada por violar la cuarentena en la Paloma\u201d<a href=\"#_ftn41\" name=\"_ftnref41\"><strong>[41]<\/strong><\/a><\/em><em>\u00a0<\/em><\/p>\n<p>Un diputado oficialista, percibi\u00f3 la oportunidad de ampliar su audiencia, y con gran capacidad de comprensi\u00f3n del term\u00f3metro pol\u00edtico, anunci\u00f3:<\/p>\n<p>\u201c<em>Umpierrez coment\u00f3 a la diaria que denunciar\u00e1 penalmente a quienes hayan viajado a Rocha y se les diagnostique la enfermedad. Se\u00f1al\u00f3 que el art\u00edculo 224 del C\u00f3digo Penal establece: \u201c[Quien viole] las disposiciones sanitarias dictadas y publicadas por la autoridad competente para impedir la introducci\u00f3n o propagaci\u00f3n en el territorio nacional de enfermedades epid\u00e9micas o contagiosas de cualquier naturaleza, causare da\u00f1o a la salud humana o animal, ser\u00e1 castigado con tres a 24 meses de prisi\u00f3n<\/em>\u201d<a href=\"#_ftn42\" name=\"_ftnref42\">[42]<\/a>.<\/p>\n<p>El expresidente V\u00e1zquez, un reputado onc\u00f3logo, altamente familiarizado con la gesti\u00f3n de riesgos, el 23 de marzo no dudo en postular, que se deb\u00eda radicalizar el camino que hab\u00eda elegido el poder ejecutivo, al que sin duda apoyaba:<\/p>\n<p><em>\u201cInevitablemente tenemos que ir a una cuarentena total si queremos cortar con este ciclo vicioso<\/em>\u201d<a href=\"#_ftn43\" name=\"_ftnref43\">[43]<\/a><\/p>\n<p>Algunas filiales sindicales -en Uruguay existe una central \u00fanica de trabajadores distanciada del poder ejecutivo-, como la de municipales de Salto, creyeron oportuno apoyar el reclamo del expresidente, y el camino del diputado oficialista y propusieron:<\/p>\n<p>&#8220;<em>Los representantes de ADEOMS plantean medidas que elevar\u00e1n a la Federaci\u00f3n Nacional de Municipales, al PIT CNT y a la Presidencia de la Rep\u00fablica. Las mismas solicitan que se elabore un plan de aislamiento total por un plazo de 20 d\u00edas, d\u00e1ndole a la poblaci\u00f3n un plan de tiempo prudencial para su abastecimiento<\/em>.<a href=\"#_ftn44\" name=\"_ftnref44\">[44]<\/a><\/p>\n<p>El poder ejecutivo, si bien utiliza una ret\u00f3rica, que tiende a tender puentes con el modelo del riesgo, tiene en su ministro del Interior, Jorge Larra\u00f1aga, una espada, que logra dialogar de manera muy fluida con la idea de peligro o la peligrosidad:<\/p>\n<p><em>\u201cTras una reuni\u00f3n con el ministro del Interior, Jorge Larra\u00f1aga, la intendenta de Rocha, Flavia Coelho, solicit\u00f3 a las autoridades nacionales un control \u201cm\u00e1s riguroso\u201d para frenar el ingreso masivo de personas en el departamento, ante la emergencia sanitaria por el avance del coronavirus en Uruguay\u201d. <a href=\"#_ftn45\" name=\"_ftnref45\"><strong>[45]<\/strong><\/a>.<\/em><\/p>\n<p>Pero la prohibici\u00f3n no fue una medida idiosincr\u00e1tica de una intendencia del interior del pa\u00eds:<\/p>\n<p><em>\u201cEl Gobierno de Uruguay inform\u00f3 que proh\u00edbe el ingreso a las playas de Montevideo y del departamento de Maldonado (sureste), donde se ubica el principal balneario Punta del Este, para evitar aglomeraciones por el nuevo coronavirus\u201d<a href=\"#_ftn46\" name=\"_ftnref46\"><strong>[46]<\/strong><\/a>.<\/em><\/p>\n<p>Cuando las exhortaciones no han logrado disuadir, algunas deportistas -surfistas- refractarios, que desafiaron a la l\u00f3gica del peligro fueron sancionados:<\/p>\n<p>\u201c<em>El Alcalde de La Paloma explic\u00f3 la situaci\u00f3n que se repite nuevamente hoy, en la zona entre la farola y el cerro de la Virgen \u201clos estamos multando por estacionar en una zona prohibida, adem\u00e1s las playas est\u00e1n cerradas\u201d, dijo a La Paloma Hoy<\/em>\u201d<a href=\"#_ftn47\" name=\"_ftnref47\">[47]<\/a>.<\/p>\n<p>La sanci\u00f3n no fue la ocurrencia de un alcalde con alguna deriva autoritaria, sino que respondi\u00f3 al reclamo de vecinos:<\/p>\n<p><em>\u201cEn el d\u00eda de ayer, vecinos denunciaron aglomeraci\u00f3n de personas en Playa La Aguada. De inmediato, efectivos de Prefectura procedieron a exhortar a quienes estaban en el lugar a que eviten salir de sus casas seg\u00fan la situaci\u00f3n actual por emergencia sanitaria que est\u00e1 atravesando el pa\u00eds.<\/em><\/p>\n<p><em>A ra\u00edz de esa situaci\u00f3n, en la tarde de ayer viernes, el Municipio cerr\u00f3 con cinta amarilla los estacionamientos de La Aguada, ubicados entre la escollera y el cerro de la virgen, para evitar que volviera a ocurrir\u201d<a href=\"#_ftn48\" name=\"_ftnref48\"><strong>[48]<\/strong><\/a>.<\/em><\/p>\n<p>La primera paciente uruguaya, fue denunciada, por vecinos y por la administradora del edificio donde reside, por no respetar, de manera rigurosa la cuarentena que se le impuso:<\/p>\n<p>\u201c<em>El fiscal de Flagrancia de 12\u00ba turno, Alejandro Machado, investiga la denuncia presentada por la administradora del edificio en el que vive Carmela Hontou, la mujer que contrajo coronavirus en Europa<\/em>\u201d<a href=\"#_ftn49\" name=\"_ftnref49\">[49]<\/a><\/p>\n<p>En el momento de redactar estas notas, se informa por la prensa que el \u201c<a href=\"https:\/\/www.elobservador.com.uy\/nota\/fiscal-archivo-investigacion-contra-carmela-hontou-al-probar-que-no-salio-de-su-casa-en-la-cuarentena-202053181430\"><em>Fiscal archiv\u00f3 caso contra Carmela Hontou al probar que no sali\u00f3 de su casa en la cuarentena<\/em><\/a><em>\u201d <a href=\"#_ftn50\" name=\"_ftnref50\"><strong>[50]<\/strong><\/a>.<\/em><\/p>\n<p><em>\u00a0<\/em>La din\u00e1mica del peligro o la peligrosidad, que incrusta la amenaza del cuerpo que la porta, es sin duda una tecnolog\u00eda que puede dispararse hacia zonas insospechadas, con inusitada intensidad, pues si bien logra atrapar r\u00e1pidamente adhesiones, cualquiera que la infrinja real o presuntamente es r\u00e1pidamente culpabilizado:<\/p>\n<p>\u201c<em>En la tarde de este viernes circul\u00f3 por redes sociales un video grabado desde el balc\u00f3n de un apartamento que da a la rambla de Pocitos. En la filmaci\u00f3n se ve a un patrullero circular. Por altoparlante uno de los polic\u00edas que viaja dentro del veh\u00edculo anuncia que \u201cpor disposici\u00f3n del gobierno nacional\u201d aquel que estuviera en la rambla \u2014un \u201cespacio p\u00fablico\u201d, indica\u2014 \u201ca partir de este momento debe abandonar el mismo y dirigirse a su domicilio<\/em>\u201d<a href=\"#_ftn51\" name=\"_ftnref51\">[51]<\/a><\/p>\n<p>Pero no solo el poder central quien culpabiliza al que infringe la interdicci\u00f3n. En la red social Twitter, por ejemplo, abundan las cr\u00edticas, a los \u201cego\u00edstas\u201d, a los \u201cinsensibles\u201d, que se interlinean, con los \u201cest\u00fapidos\u201d o \u201cpelotudos\u201d.<\/p>\n<p>Periodistas de programas televisivos, no dudan en descargar su molestia, con expresiones algo categ\u00f3ricas:<\/p>\n<p><em>\u201cEl integrante de Arriba gente (Canal 10), por lo pronto, escribi\u00f3: &#8220;No entendimos nada. Nada de nada. Asusta la movilidad de la gente este lunes. Desde hoy el Covid-19 se va a hacer una fiesta con nosotros. Solo espero q los fr\u00edos se aguanten un poco para no sumar m\u00e1s enfermedades respiratorias&#8221;<a href=\"#_ftn52\" name=\"_ftnref52\"><strong>[52]<\/strong><\/a>.<\/em><\/p>\n<p>El principio, de cada cual, con su propia vida, o con su propia muerte, con su propia salud, o con su propia enfermedad, se expande bajo la ret\u00f3rica de la solidaridad, y el pensar en el pr\u00f3jimo. Un espacio donde todo se congela, d\u00f3nde el movimiento equivale a la muerte, que puede acarrear castigo y contagio.<\/p>\n<p>La mirada del centro del poder cae, sobre los administrados, y es atravesada, en \u00e1ngulo por los individuos, que supuestamente sufren la dominaci\u00f3n exigiendo mas dureza, y renovado rigor.<\/p>\n<p>El encierro en el Uruguay viene siendo acompa\u00f1ado, por nuevas practicas de desinfecci\u00f3n \u00bfo de purificaci\u00f3n? \u00bfO de ambas?<\/p>\n<p>Lavarse las manos con frecuencia, uso de alcohol, cambiarse de ropa, al entrar a la vivienda, dejar los zapatos fuera del espacio de habitaci\u00f3n, ba\u00f1arse con intensidad luego de regresar del espacio de la infecci\u00f3n o de la impureza.<\/p>\n<p>A comienzos de la epidemia, hubo mucho debate en torno de los tapabocas, pero el gobierno en determinado momento (21 de abril), lo impuso:<\/p>\n<p>\u201c<em>A partir de este mi\u00e9rcoles ser\u00e1 obligatorio el uso de tapaboca en los supermercados<\/em><\/p>\n<p><em>El secretario de Presidencia \u00c1lvaro Delgado dijo tambi\u00e9n que &#8220;se va camino&#8221; a que est\u00e9 prohibido usar el transporte p\u00fablico sin barbijo<\/em>\u201d.<a href=\"#_ftn53\" name=\"_ftnref53\">[53]<\/a><\/p>\n<p>Su r\u00e1pida difusi\u00f3n, la obediencia que acompa\u00f1o, su implementaci\u00f3n en un lapso de horas, o d\u00edas, dice algo m\u00e1s que fen\u00f3menos de orden sanitario. No se entra en su consideraci\u00f3n, pero es obvio que antes que garantizar, el ingreso de g\u00e9rmenes, lo que garantiza, es la seguridad ontol\u00f3gica del que lo porta.<\/p>\n<p>&nbsp;<\/p>\n<p><strong>7. Los mercados son peligrosos: el trabajo en contextos de epidemia.<\/strong><\/p>\n<p><strong>\u00a0<\/strong>Si en el paradigma del peligro, el lugar de la protecci\u00f3n es la patria, el hogar, el propio cuerpo clausurado de las invasiones exteriores, en el Uruguay de 2020, eso plantea un problema medular: \u00bfqu\u00e9 hacen las personas que tienen integralmente absorbida su vida material por los mercados? Particularmente, quienes se encuentran al margen de los sistemas de seguro social.<\/p>\n<p>Los mercados, a pesar de que est\u00e1 ampliamente documentado, que han precedido al capitalismo, y que confundir mercado y capitalismo, revela una dotaci\u00f3n te\u00f3rica de inocultable indigencia, son por excelencia el espacio de la impureza y del riesgo, para las s\u00f3lidas relaciones comunitarias: Weber, T\u00f6nnies, y Durkheim, vieron en los mercados, una de las claves de la disoluci\u00f3n de las garant\u00edas comunitarias.<\/p>\n<p>Fran\u00e7ois Furet, ha postulado que en ellos prospera el espacio de la libre actividad, el espacio de lo moderno, del burgu\u00e9s, que se convirti\u00f3, seg\u00fan su investigaci\u00f3n en la pasi\u00f3n menos controladas, de los proyectos comunitarios del siglo XX: el fascismo y el comunismo. La sociedad burguesa deja un enorme espacio a la incertidumbre, el nacimiento, el estamento de origen, inclusive, la etnia, explica bastante poco del accionar del sujeto en nuestros d\u00edas, si las desigualdades son f\u00e1cilmente documentables, no es menos cierto, que sus fundamentos ontol\u00f3gicos no brillan.<\/p>\n<p>El burgu\u00e9s moderno, es bastante opuesto al ciudadano antiguo, inseparable de su patria chica, sin oxigeno fuera de ella. No dispone de categor\u00eda duradera, y su espacio, son las crecientes autopistas del comercio, de la cultura, de la comunicaci\u00f3n, y de la ciencia y la tecnolog\u00eda.<\/p>\n<p>El problema insalvable de la vuelta a los cordones sanitarias es que hay un grupo inmenso, de la sociedad, que solo puede existir, en los \u201cno lugares\u201d del mercado.<\/p>\n<p>Al\u00ed se introduce una de las ambig\u00fcedades, e inquietudes m\u00e1s insoportables del modelo del peligro.<\/p>\n<p>Cuando esto se constata, aparece en Uruguay, r\u00e1pidamente la ret\u00f3rica de la vida o del mercado, como si fuera posible una vida, tal cual la conocemos -urbana, de producci\u00f3n, de conocimiento, de calma de los dolores ps\u00edquicos o f\u00edsicos-, al margen de los intercambios. La polarizaci\u00f3n que algunas inteligencias demasiado precipitadas, creyeron encontrar, como hallazgo del momento y que incluso algunos llegaron a teorizar, pronto, revelo su escas\u00edsima capacidad pulmonar y ces\u00f3.<\/p>\n<p>Ciertamente, las sociedades modernas saben desde hace tiempo, que hay numerosas situaciones donde los encuentros deben ser interrumpidos, el caso mas tipificado, por la sociolog\u00eda es el caso de la internaci\u00f3n en hospitales, pero la condici\u00f3n de esa internaci\u00f3n es ser un \u201cbuen paciente\u201d, es decir, hacer todo lo posible para salir de la internaci\u00f3n obedeciendo al especialista, aunque el interaccionismo simb\u00f3lico, haya descrito esos encuentros menos apaciblemente que Parsons.<\/p>\n<p>Por consiguiente, las cuarentenas, r\u00edgidas, o blandas, con excepciones o sin ellas, con c\u00e1rcel o con multas, con toque de queda o sin \u00e9l, son en extremo precarias en nuestro mundo, m\u00e1s all\u00e1 de la inocultable calma que en lo inmediato logran. La seguridad ontol\u00f3gica, del hogar, del propio cuerpo, pronto dejaron ver en el pa\u00eds d\u00f3nde los seguros sociales, no dispon\u00edan de cobertura, para casi el 25% (24,8) de la poblaci\u00f3n ocupada, seg\u00fan estimaciones del Instituto Nacional de Estad\u00edstica.<\/p>\n<p>Comerciantes, y operadores tur\u00edsticos, se agolpan en la declaraci\u00f3n formal de la quiebra, junto con importadores, y los contratos revelan una imposible rigidez. Y la cesaci\u00f3n de pagos, como un fantasma, recorre la ciudad.<\/p>\n<p>Tan solo los negocios rurales (del arroz y de la soja, parcialmente la carne debido a los altos precios que gener\u00f3 la fiebre porcina), ante la apertura creciente de algunos mercados pueden enfrentar con cierta soltura rigores que tambi\u00e9n los acucian, aunque con intensidad muy decrecida, en relaci\u00f3n con las actividades urbanas.<\/p>\n<p>Masivos env\u00edos al seguro de paro, ollas populares y movilizaciones frente a la sede del poder ejecutivo disolvieron toda la utop\u00eda del encierro tres d\u00edas luego de decretada. Inclusive, la central sindical llam\u00f3 a un caceroleo, por considerar que el encierro sin subvenci\u00f3n era una forma velada de reforzar, la desigualdad, despu\u00e9s que en un principio considero a la cuarentena y los cierres de fronteras eran muy tibios, para la urgencia del momento. En suma, si en principio el modelo del peligro parec\u00eda t\u00edmido, pronto se experiment\u00f3 como excesivo: la vibraci\u00f3n es la constante.<\/p>\n<p>La respuesta, con una inocultable dosis de placebo, fue crear, por ley un fondo solidario para atender la crisis, que realiza una quita, a los salarios mayores de empleados p\u00fablicos y de personal pol\u00edtico, votada por unanimidad en ambas c\u00e1maras. Sumado, a exoneraciones impositivas a peque\u00f1as empresas, y flexibilidad en la implementaci\u00f3n del seguro de paro, para quienes pierden su ocupaci\u00f3n, en virtud del cierre de empresas.<\/p>\n<p>En una democracia electoral \u00bfqui\u00e9n puede obviar al 25% de los ocupados, con sus respectivas familias? La disputa pol\u00edtica comenz\u00f3 a girar sobre un nuevo modelo, ya no era encierro o mercado, sino encierro subvencionado o encierro crudo. C\u00f3mo todos advierten, que, con un d\u00e9ficit fiscal de 5,5 puntos porcentuales del PBI, las subvenciones son cuando menos problem\u00e1ticas, la disputa se fue reconfigurando, en torno a qu\u00e9 sectores de la econom\u00eda comenzar\u00edan la apertura. Una apertura que ni los menos comprensivos de los cr\u00edticos del oficialismo, pudieron de plano rechazar.<\/p>\n<p><strong>8. De salir al mundo, con una diplomacia \u201cfenicia\u201d a volver a la patria.<\/strong><\/p>\n<p>El ministro de relaciones exteriores de Uruguay, el Dr. Ernesto Talvi, es un reputado economista que obtuvo su PH.D. en la Universidad de Chicago, durante la campa\u00f1a electoral, de los meses de octubre-noviembre, hizo amplio caudal, de la necesidad de que el pa\u00eds, peque\u00f1o en dimensiones adoptara una pol\u00edtica exterior pragm\u00e1tica, que tuviera como norte ampliar los intercambios comerciales, y concretar todos los tratados de libre comercio, que se pudieran lograr. De hecho, su ret\u00f3rica era ocurrente, y novedosa, por apelar al ejemplo del celebre pueblo mediterr\u00e1neo de la antig\u00fcedad. Pero, de hecho, el saliente gobierno de izquierda, se desped\u00eda con un acuerdo de libre comercio, incipiente y festejado, nada menos que con la Uni\u00f3n Europea (en conjunto con el Mercosur).<\/p>\n<p>Con el modelo del peligro el \u201cfenicio\u201d canciller, mud\u00f3, en un patriota, con amplio respaldo en la opini\u00f3n p\u00fablica, por haber ideado, un excelente plan de repatriaci\u00f3n de ciudadanos uruguayos, o residentes en Uruguay, desperdigados, entre la lejana China, la pestilente Europa, y la muy cerrada rep\u00fablica de Venezuela: \u201c<em>La Operaci\u00f3n<\/em> <em>Todos en casa<\/em>\u201d<a href=\"#_ftn54\" name=\"_ftnref54\">[54]<\/a>, lo ha catapultado como uno de los ministros mas populares del gabinete gobernante.<\/p>\n<p>Tambi\u00e9n ha logrado, escalar a portales de noticias tan importantes como el de la BBC, por un comentado, y riguroso cord\u00f3n humanitario, -que nunca ocult\u00f3 ser un riguros\u00edsimo cord\u00f3n sanitario-, para que los pasajeros del Crucero Greg Mortimer, con la mayor\u00eda de su pasaje y la tripulaci\u00f3n contagiada de covid-19, pudieran regresar a sus hogares, en Australia, Nueva Zelanda, o Polonia, despu\u00e9s que los puertos de Chile y de Argentina -seg\u00fan declararon los tripulantes- y de las islas Malvinas -Falklands para los ingleses-, rechazaran su arribo. El paradigma del peligro transform\u00f3 a quien hab\u00eda dise\u00f1ado, una agresiva inserci\u00f3n del Uruguay en el mundo, en un destacado patriota, cuyo principal logro fue evacuar y devolver a su pa\u00eds a turistas australianos, y repatriar ciudadanos y residentes uruguayos desperdigados por el mundo<a href=\"#_ftn55\" name=\"_ftnref55\">[55]<\/a>.<\/p>\n<p>&nbsp;<\/p>\n<p><strong>9. Pol\u00edtica y ciencia uruguaya, en medio de la epidemia: \u00bfintegraci\u00f3n con el poder espec\u00edficamente pol\u00edtico?<\/strong><\/p>\n<p>En oportunidad de la elaboraci\u00f3n de la tesis de doctorado<a href=\"#_ftn56\" name=\"_ftnref56\">[56]<\/a>, se pudo documentar, que en medio de la epidemia de gripe de 1918-1919, la ciencia uruguaya -si se puede admitir tal adjetivo-, se encontraba, altamente integrada, con la esfera pol\u00edtica, y revel\u00f3 muy poca autonom\u00eda, para advertirlas de la hecatombe que se estaba derramando sobre el planeta incipientemente globalizado. De hecho, se encontraba hiperintegrada.<\/p>\n<p>Superado el siglo, de aquella brutal experiencia, quien redacta esper\u00f3 un comportamiento, por parte del campo cient\u00edfico, algo menos implicado con la gesti\u00f3n del Estado.<\/p>\n<p>No obstante, el poder ejecutivo recientemente electo, solicit\u00f3 a unos \u201cnotables\u201d de la estad\u00edstica, de la biolog\u00eda y de la gastroenterolog\u00eda (sic), estructurar grupos de expertos para aconsejar a la presidencia en cuanto a las pol\u00edticas a instrumentar, por parte del Estado uruguayo.<\/p>\n<p>Si uno recorre la literatura editada, existen numerosas sombras en cuento a la epidemia, no obstante, este equipo, por momentos habla, desde un lugar de consensos tan amplios, que a este modesto observador lo llenan de dudas.<\/p>\n<p>Lo m\u00e1s cercano, es la estimaci\u00f3n de los infectados, y la estrategia para detectarlos: es bastante claro que existe un grupo variable de individuos asintom\u00e1ticos que contin\u00faan propagando el virus, la estrategia de Islandia, de censar a toda la poblaci\u00f3n con respecto a la variable covid19, da una idea sencilla del reto, que enfrenta el pa\u00eds, y que no puede con sencillos modelos matem\u00e1ticos, estimar una tasa de infecci\u00f3n, d\u00f3nde el universo est\u00e1 lejos de conocerse<a href=\"#_ftn57\" name=\"_ftnref57\">[57]<\/a>.<\/p>\n<p>Uruguay indica, en el momento que se redactan estas modestas notas, que posee un de las menore tasas de letalidad de la am\u00e9rica meridional \u00bfson comparables las tasas?<\/p>\n<p>Las tasas de letalidad, que circulan, en cuanto portal trate del tema, en realidad, es de las m\u00e1s dif\u00edciles de estimar, y no obstante los expertos de marras hablan de ella, con una seguridad, que no produce tranquilidad:<\/p>\n<p><em>\u201cEso tiene un nombre, es la Paradoja de la prevenci\u00f3n. Se es tan exitoso en la estrategia y en los resultados que la gente se pregunta si no se nos fue la mano. Y la respuesta es no, no se nos fue la mano. Era lo que hab\u00eda que hacer y dio resultado. Hay que mirar afuera y ver que los pa\u00edses que demoraron en tomar medidas no les fue bien<\/em>\u201d<a href=\"#_ftn58\" name=\"_ftnref58\">[58]<\/a><\/p>\n<p>Nadie niega, que el \u00e9xito se deba consignar. De hecho, es tan importante como documentar el fracaso. Pero dada la fecha en la que estamos, sin invalidar el juicio del Dr. Julio Medina, parece algo precipitada la valoraci\u00f3n.<\/p>\n<p>Naturalmente el poder pol\u00edtico, que viene sugiriendo de mil maneras que se van a retomar progresivamente las actividades, -cuesti\u00f3n por otra parte inevitable-, estas declaraciones, se convierten en una perfecta melod\u00eda.<\/p>\n<p>La catedra de infectolog\u00eda de la facultad de medicina, se convierte en t\u00e9rminos f\u00e1cticos, en un mejor comunicador que el Sr. Ministro de Salud P\u00fablica, que es quien tiene esa espec\u00edfica funci\u00f3n. Dar sost\u00e9n argumental, a una pol\u00edtica, no parece ser la funci\u00f3n de la academia.<\/p>\n<p>Las propias defunciones, se encuentran en medio de una sombra profunda: mueren de coronavirus, o con coronavirus. Si las estad\u00edsticas m\u00e9dicas, viven un momento de estr\u00e9s, ese momento se instala, al consignar las causas de muerte. Los expertos en estad\u00edstica y demograf\u00eda no ocultan, ni siquiera en el manual las dificultades para consignar con grados altos de confiabilidad las causas de muerte, si eso se registra a la hora de hacer la historia de una patolog\u00eda en un pa\u00eds, el problema se dispara, cuando se comparan contabilidades de diversos sistemas de salud p\u00fablica, con niveles heterog\u00e9neos de capacidad t\u00e9cnica. Los lindos mapas -o terribles-, como se desee, ocultan muy mal esa profunda inseguridad estad\u00edstica.<\/p>\n<p>En Italia, por ejemplo, a la hora de contabilizar a los muertos por la epidemia se opt\u00f3, por definir la muerte conforme a la presencia o ausencia del virus:<\/p>\n<p>\u201c<em>Case-fatality statistics in Italy are based on defining COVID-19\u2013related deaths as those occurring in patients who test positive for SARS-CoV-2 via RT-PCR, independently from preexisting diseases that may have caused death. This method was selected because clear criteria for the definition of COVID-19\u2013related deaths is not available<\/em><a href=\"#_ftn59\" name=\"_ftnref59\">[59]<\/a><\/p>\n<p>Por tanto, el n\u00famero de muertos de covid19, depende, en primer lugar, de la definici\u00f3n que se realice, de la muerte, y del sistema de contabilidad que se implemente, que ciertamente es heterog\u00e9neo de pa\u00eds a pa\u00eds. En puridad quien escribe no conoce los criterios que se aplican en el pa\u00eds, por los menos no se pudo encontrar alg\u00fan documento donde se consigne.<\/p>\n<p>\u201c<em>COVID-19\u2013related deaths are not clearly defined in the international reports available so far, and differences in definitions of what is or is not a COVID-19\u2013related death might explain variation in case-fatality rates among different countries. To better understand the actual causes of death, the ISS is now reviewing the complete medical records of all patients with positive RT-PCR results who have died in Italy.\u201d<\/em><a href=\"#_ftn60\" name=\"_ftnref60\">[60]<\/a>.<\/p>\n<p>En segundo lugar, el n\u00famero de infectados, depende del n\u00famero de test realizados, o mejor dicho del porcentaje de la poblaci\u00f3n testeada, y del tipo de prueba que se realice.<\/p>\n<p>\u201c<em>After an initial, extensive testing strategy of both symptomatic and asymptomatic contacts of infected patients in a very early phase of the epidemic, on February 25, the Italian Ministry of Health issued more stringent testing policies. This recommendation prioritized testing for patients with more severe clinical symptoms who were suspected of having COVID-19 and required hospitalization. Testing was limited for asymptomatic people or those who had limited, mild symptoms. This testing strategy resulted in a high proportion of positive results, ie, 19.3%\u201d<\/em><\/p>\n<p><em>Other countries have different testing strategies. For example, the Republic of Korea has adopted a strategy of widely testing for SARS-CoV-2. This may have led to the identification of a large number of individuals who had mild or limited symptoms, but a much lower case-fatality rate compared with Italy (1.0% vs 7.2%) because many patients with mild disease who would not be tested in Italy were included in the denominator in Korea\u201d<a href=\"#_ftn61\" name=\"_ftnref61\"><strong>[61]<\/strong><\/a><\/em><em>. <\/em><em>\u00a0<\/em><\/p>\n<p>Las estrategias de definici\u00f3n de la poblaci\u00f3n a quien se le realiza el test, adem\u00e1s de profundamente heterog\u00e9nea, var\u00eda en cuesti\u00f3n de semanas, y las oficinas sanitarias, de los diversos pa\u00edses, no lo informan. Por tanto, pareciera, que una estimaci\u00f3n epidemiol\u00f3gica, que va a formular juicios de vida o de muerte, deber\u00eda ser en extremo contenida, particularmente en los juicios comparativos. Punto elemental, para cualquier graduado en ciencias sociales.<\/p>\n<p>Al respecto en textos arbitrados se se\u00f1ala con claridad, que en el terreno comparativo toda contenci\u00f3n es escasa, y si esa comparaci\u00f3n define una pol\u00edtica p\u00fablica, m\u00e1s a\u00fan.<\/p>\n<p><em>\u201cFrom a research perspective, the comparisons discussed highlight the need for transparency in reporting testing policies, with clear reporting of the denominators used to calculate case-fatality rates and the age, sex, and clinical comorbid status of affected persons when comparing COVID-19 case and mortality rates between different countries and regions. Finally, because the outbreak is new, continued surveillance, with transparent and accurate reporting of patient characteristics and testing policies, is needed from multiple countries to better understand the global epidemiology of COVID-19\u201d.<a href=\"#_ftn62\" name=\"_ftnref62\"><strong>[62]<\/strong><\/a><\/em><\/p>\n<p>Finalmente, y no tiene nada de menor, de la estructura de la poblaci\u00f3n, y los muertos hay que referirlos al grupo etario respectivo. Si son mayores de 65, corresponde relacionarlos a ese grupo, si son menores, lo propio, al igual, que el sexo.<\/p>\n<p>La terap\u00e9utica, es no solo problem\u00e1tica, por la ausencia de una vacuna espec\u00edfica, o gen\u00e9rica, que detenga al virus, sino porque existen muchas inseguridades, en cuanto a las lesiones que produce en el organismo el covid-19.<\/p>\n<p>Con respecto a las propias pruebas de detecci\u00f3n de la enfermedad -las pruebas- no se puede ocultar, la penumbra que los rodea, si se tiene en cuenta, la alta tasa de mutabilidad que presenta el virus, con respecto a las diversas cepas secuenciadas.<\/p>\n<p>Este es apenas un muy reducido n\u00facleo de problemas que se deben enfrentar desde el campo cient\u00edfico, que exigen, un nivel muy \u00e1lgido de debate t\u00e9cnico, que obviamente no excluye a la colaboraci\u00f3n, pero que no puede amortizarla.<\/p>\n<p>Sobre estos cuatro puntos relevados los cient\u00edficos nacionales no debaten en p\u00fablico, por lo menos la prensa no lo refleja.<\/p>\n<p>El Dr. Jos\u00e9 Penna, en el lejano Buenos Aires de 1918, argumentaba de la importancia de la prensa \u201c<em>pol\u00edtica\u201d cuando se trata de averiguar, el origen, la marcha, el desarrollo y la naturaleza de una enfermedad epid\u00e9mica<\/em><a href=\"#_ftn63\" name=\"_ftnref63\">[63]<\/a>.<\/p>\n<p>Tal vez en los pr\u00f3ximos d\u00edas los cient\u00edficos uruguayos, logren marcar su autonom\u00eda en lugar, de la fuerte imbricaci\u00f3n que hoy presentan con el poder ejecutivo nacional, a trav\u00e9s de pol\u00e9micas, que revelen que su fuente de poder e importancia no est\u00e1 en la relaci\u00f3n que tengan con el v\u00e9rtice pol\u00edtico, sino con respecto a su especifico campo, a la manera que lo ha postulado Pierre Bourdieu, o Bruno Latour y Steve Woolgar. Por el momento, las analog\u00edas con la medicina uruguaya de 1918-1920, es muy alta.<\/p>\n<p>&nbsp;<\/p>\n<p><strong>10. Hacia un modelo \u201cnueva normalidad\u201d de riesgo aterrorizado. <\/strong><\/p>\n<p><strong>\u00a0<\/strong>El poder pol\u00edtico uruguayo est\u00e1 dirigiendo al pa\u00eds, a su sociedad, y a su econom\u00eda, hacia lo que llam\u00f3 una nueva normalidad, la expresi\u00f3n se comenz\u00f3 a usar, por lo que se pudo averiguar, por Roger Simon, y por el \u201c<em>National Advisory Committee on SARS and Public Health<\/em>\u201d, de Canad\u00e1, con motivos diversos: el reconocido articulista que publicaba en The New York Times referido a los ataques de 2001, y el \u201c<em>Committee\u201d,<\/em> vinculado a la articulaci\u00f3n de las pol\u00edticas de salud, en un \u201cmundo\u201d post SARS. Se retom\u00f3 la expresi\u00f3n en el 2007-2008, pero no es en funci\u00f3n de la crisis financiera que arrib\u00f3 al lenguaje, ya era usada en el \u00e1mbito militar y sanitario, hac\u00eda por lo menos un quinquenio.<\/p>\n<p>En Uruguay, esa nueva normalidad, aparece, tensionada, por una apuesta por retomar las pautas del riesgo, pero en un contexto de una poblaci\u00f3n aferrada, emotivamente, al peligro.<\/p>\n<p>Los sindicatos mas fuertes, est\u00e1n logrando una serie de protocolos, bastante razonables: tapabocas, alcohol en gel, gabinetes higi\u00e9nicos, test aplicados en amplias magnitudes -a todos los trabajadores, antes de ingresar a trabajar, o mediante un muestreo aleatorio calculado, por el Instituto nacional de estad\u00edstica- medios de transporte, que no aglomeran a las personas que viajan, inspecciones realizadas de manera bipartita, seguro por enfermedad integral, cierre de las obras, de las escuelas, o de las oficinas, ante el primer infectado, distancia de un metro y medio entre cada trabajador o alumno.<\/p>\n<p>En cambio, la nueva normalidad, para los sectores del mundo del trabajo, que se desarrollan en medio de la penumbra, como, por ejemplo, la prostituci\u00f3n, el servicio dom\u00e9stico, o los talleres clandestinos -que se presumen pocos, pero que tal vez existan- los peque\u00f1os centros productivos, y comerciales, que, a pesar de ser unipersonales, los protocolos antes descriptos, los vuelven inviables, por su costo, o por su inaplicabilidad. Todo el complejo mundo de los recicladores. Inclusive, la nueva normalidad, coloca en problemas a todo el conjunto de trabajadores de la salud.<\/p>\n<p>Esa nueva normalidad, con un mundo del trabajo que, en las zonas referidas, resulta tan dif\u00edcil de protocolarizar, impacta de lleno a las familias asociadas.<\/p>\n<p>En algunos casos, el precario mundo laboral, se dobla, en condiciones habitacionales -los asentamientos irregulares, las casas habitaci\u00f3n con NBI que se estiman en un 19% de los hogares particulares, son disimuladas, por un sistema educativo, que desde los tres a\u00f1os est\u00e1 presente en la vida de los uruguayos, pero que el modelo del peligro cerr\u00f3, y solo mantuvo un tenue v\u00ednculo a trav\u00e9s de las infraestructuras, digitales, que son, para todos los cr\u00edticos, excelentes: una red de fibra \u00f3ptica y de antenas de datos -a muy bajo costo-, que tiene una presencia pr\u00e1cticamente universal, asociado al programa una computadora un ni\u00f1o, que en Uruguay, se llama plan ceibal.<\/p>\n<p>Las nuevas autoridades de la educaci\u00f3n, que asumieron en medio de la epidemia, piensan en esas infraestructuras, como un camino que permita retomar los contactos de ense\u00f1anza y aprendizaje. Nada es muy seguro, pues los \u00faltimos trabajos que midieron el rendimiento y la asistencia a clase de los uruguayos m\u00e1s vulnerables no auguran una nueva normalidad en exceso estimulante: el fuerte fracaso en condiciones de normalidad de los j\u00f3venes de menores ingresos no parece que se vaya a revertir, con sencillez, a trav\u00e9s de las complejidades de una ense\u00f1anza a distancia, que, si algo est\u00e1, en su did\u00e1ctica, es en una notoria fase de exploraci\u00f3n.<\/p>\n<p>La nueva normalidad, plantea serios desaf\u00edos a un sistema de salud, que se extendi\u00f3 notablemente en t\u00e9rminos horizontales, con un sistema \u00e1gil de policl\u00ednicas, y que, en medio de la epidemia, se movi\u00f3 con cierta solvencia, no obstante, lo hizo al costo, de posponer el tratamiento de numeros\u00edsimas patolog\u00edas \u201cnormales\u201d, para concentrarse en la epidemia. Ese sistema de salud, deber\u00e1 en los pr\u00f3ximos d\u00edas y semanas prepararse para recibir el alud de todos los pacientes pospuestos, y la fortuna debe colaborar, en que la epidemia no presente otra alza de los contagios, y las complicaciones. De producirse la coincidencia de ambas vertientes, el sistema que hasta ahora evit\u00f3 naufragar, puede eventualmente hacerlo.<\/p>\n<p>El distante, modelo de gestionar la salud, a trav\u00e9s de indicadores de riesgo y gerentes de solvencia indiscutible, resulta en extremo problem\u00e1tico, en las semanas y meses siguientes: todo indicar\u00eda que el binomio m\u00e9dico-paciente, que retrat\u00f3 Talcott Parsons, y Anselm Strauss, desde modelos diversos, parece que vuelve como el \u00fanico expediente cre\u00edble, para la nueva normalidad sanitaria. El punto que todo el mundo sabe, y genera o deber\u00eda generar preocupaci\u00f3n, es que no va a poder dialogar amablemente con la demanda sanitaria.<\/p>\n<p>No supone que se pierda lo ganado, de hecho, Apple y Google, junto con la telemedicina, tomar\u00edan a Uruguay como laboratorio de experiencias sanitarias, basadas en el riesgo. \u00bfPero resulta cre\u00edble, que la salud, pueda circular por medio de aplicaciones cuando hay miles de personas con un dolor f\u00edsico doblado en dolor ps\u00edquico, desplazados en sus demandas por casi dos meses? Algunos psicoanalistas, muy apurados creen que s\u00ed. Aqu\u00ed solo se establece la duda razonable.<\/p>\n<p>La ret\u00f3rica de la nueva normalidad, postula por todo lo alto, que, con motores de la econom\u00eda encendidos, el rebote de la econom\u00eda asegurar\u00eda r\u00e1pidos crecimientos en base a la fuerza de la demanda comprimida por la epidemia. El mismo modelo, v\u00e1lido para la producci\u00f3n y el comercio, parece razonable esperarlo en la demanda de salud, la educaci\u00f3n y los servicios sociales en general.<\/p>\n<p>&nbsp;<\/p>\n<p><strong>11.Conclusiones imprecisas, en torno a nuestra circunstancia.<\/strong><\/p>\n<p>En estas apuradas notas, parece evidente, que el modelo de gesti\u00f3n sanitario, no puede ser nuevamente el modelo nacional tan bien estudiado, por Alison Bashford<a href=\"#_ftn64\" name=\"_ftnref64\">[64]<\/a>. Esos \u201cescudos nacionales\u201d no parecen ser un candidato muy serio para sustituir, al que ante la actual epidemia ofrece la OMS. Y sin embargo, este acaba de fracasar estrepitosamente.<\/p>\n<p>Las zoonosis, llamadas \u201cenfermedades emergentes\u201d, no parecen que se vayan a contener en el futuro inmediato. Y dise\u00f1ar, un gobierno global, tipificando a esas emergencias, como excepcionales no parece ser un camino muy seguro. Todo indica, que el material existente, en el subsuelo biol\u00f3gico, para potenciales zoonosis, supera todo lo que la historia ha mostrado hasta hoy.<\/p>\n<p>Los mercados humedos de Asias, son los puntos d\u00f3nde se concentran, muchas miradas cr\u00edticas. Sin embargo las zoonosis, que han golpeado al mundo global, no los tienen, como los \u00fanicos espacios problem\u00e1ticos.<\/p>\n<p>Los anuales miedos, por las cepas renovadas de influenza, el virus de los ratones maizeros de america latina, el sida, la gripe porcina mexicana, la viruela del simio, el virus de NIPAH, los virus que transporta el mosquito Aedes, como el Chikungu\u00f1a y el zika, el mers de Oriente Medio, y el virus del \u00e9bola no auguran tranquilidad.<\/p>\n<p>Las zoonosis, no pueden ser asociadas, a las practicas culturales, ciertamente excentricas de algunas etnias chinas. Hay otras pr\u00e1cticas diseminadas en el globo, que deber\u00edan preocupar.<\/p>\n<p>Pero debajo de ello, hay estructuras, muy solidas, de nuestra circunstancia, que vuelven dificil cualquier forma de gobierno planetario, y que presentan un grado de generalidad, que no se agota en un abordaje de \u00edndole antropol\u00f3gico, y que se revelan a un encare en l\u00f3gica de peligro.<\/p>\n<p>No son las zoonosis, en s\u00ed mismas el gran problema, sino la red de transporte y de comunicaci\u00f3n asociado, a la vida urbana, en el mundo contempor\u00e1neo, que crece al mismo ritmo que la poblaci\u00f3n.<\/p>\n<p>\u00bfPero c\u00f3mo discutir, la red global de transporte, y las estructuras urbanas del planeta, que est\u00e1n redise\u00f1ando completamente a la biosfera?<\/p>\n<p>Discutirlas, es desde luego posible, pero el neomalthusianismo acecha. Pero tambi\u00e9n quien la discuta, deber\u00eda indicar, que la vida urbana, de matriz global, es el primer modo de vida que est\u00e1 acercando agua potable, e inodoros, a inmensas masas (en India, en China, en Paquistan), y que la revoluci\u00f3n verde, es la que est\u00e1 alimentando, a una poblaci\u00f3n que ronda los 7500 millones de personas. Cualquier cambio, deber\u00eda presentarse juntos con los costos que acarrear\u00eda.<\/p>\n<p>En problema es s\u00f3lo en su superficie una cuesti\u00f3n sanitaria, o de orden epid\u00e9mico, en realidad, nos conduce directamente, a los mas pesados z\u00f3calos, que sostienen al mundo en el cual vivimos.<\/p>\n<p>Tal vez, el modelo de desarrollo, o el modelo de desarrollo civilizatorio, que la ciencia, la tecnolog\u00eda, y la demograf\u00eda, han logrado, suponga, como en alg\u00fan momento lo sugirio Ulrich Beck, hacerle una critica profunda al modelo de gobierno. La sociedad, y la econom\u00eda dej\u00f3 de ser nacional, pero la pol\u00edtica, no ha superado, el modelo de Westfalia. Decirlo es sencillo, pero avanzar en el plano operativo, es una tarea tit\u00e1nica. No obsante, tal vez, la epidemia, pueda ser una ocasi\u00f3n para por lo menos interrogarnos al respecto.<\/p>\n<p>Interrogarnos, y evitar, la respuesta facil, que sugiere volver, a un mundo cerrado, y ordenado, por un grupo de expertos, a la manera de los planes quinquenales del stalinismo. Y que so\u00f1\u00f3 Plat\u00f3n, en la antig\u00fcedad.<\/p>\n<p>Implicar m\u00e1s severamente, a los gobiernos, mediante la cesi\u00f3n de algunas partes de la soberan\u00eda, en temas, como la trazabilidad de los alimentos, los planes urbanos, o la pol\u00edtica de transporte. Proceder con los temas de urbanizaci\u00f3n, transporte, y alimentaci\u00f3n, de similar manera a que se procede con los acuerdos nucleares. Esto hace emerger espinos\u00edsimos problemas de geo-poder, en ocasiones de suma cero para algunos actores, y los escenarios b\u00e9licos se sugieren de mil formas, por lo menos en la ret\u00f3rica.<\/p>\n<p>Las bombas de destrucci\u00f3n masiva, no parecen ser solo las de hidrogeno, o las bacteriol\u00f3gicas, los procesos urbanos, y el transporte, parecieran que llevan implicito dimensiones por lo menos equivalentes.<\/p>\n<p>Contagio global, lleg\u00f3 para quedarse, tal vez, sea prudente, aceptarlo, y direccionarse hacia formas de regulaci\u00f3n en temas, que hasta ayer, eran solo pensados por los operadores directos.<\/p>\n<p>El neoinstitucionalismo, sin impedir las acciones privadas, ha desarrollado formas de propiedad, que dan cuenta de los cambios tecnol\u00f3gicos.<\/p>\n<p>Nuevas instituciones, lejos de frenar el desarrollo econ\u00f3mico, pareciera que lo estimulan: Una tesis polar de Douglas North es que el crecimiento econ\u00f3mico depende crucialmente de la existencia de instituciones que definan y protejan los derechos individuales y al mismo tiempo que eviten la predaci\u00f3n en cualquiera de sus formas. Si Schumpeter, es quien mejor a retratado el nervioso mundo de la innovaci\u00f3n, Coase, es quien permiti\u00f3 pensarla en una renovada teor\u00eda de la propiedad, y de \u00e9l a North, hay pocos pasos.<\/p>\n<p>Ciudades, redes de conexi\u00f3n a\u00e9reas, y sistemas productivos, que determinan las perdidas que se est\u00e1n registrando en estos d\u00edas, podr\u00edan ser una ocasi\u00f3n, una oportunidad, para redefinir contratos, y que aparecieran costos que, en enero de 2020, pod\u00edan ser considerados, solo en el plano te\u00f3rico, o para un futuro que nadie seriamente dat\u00f3.<\/p>\n<p>Desde luego, que tal camino, tiene un alto grado de etnocentrismo, Coase, North, Fogel, Williamson, no expresan ideas que se liberen facilmente de los presupuestos, del occidente democr\u00e1tico. Pero, es lo que se puede ofrecer, sin caer, en los imposibles te\u00f3ricos, de las diversas formas tir\u00e1nicas, que en ocasiones se vuelven tan populares, para inversores, muy centrados en el cortisimo plazo. El Big Data, y el reconocimiento facial en el mundo chino, no ofreci\u00f3 mejores resultados, que, en los espacios democr\u00e1ticos, donde se lo ha regulado, mediante demandas, y protecci\u00f3n de derechos.<\/p>\n<p>El regreso a la patria y al peligro, tal vez, sea la forma algo tosca, que adoptamos, cuando un modelo de regulaci\u00f3n, se piensa como si los intercambios no generaran problemas, como si las fricciones de urbanizar grandes masas, no se debieran pagar. Todos esos costos, tal vez, deban ingresar a las contabilididades de los desarrolladores urbanos, de los innovadores, de aquellos que proponen y llevan adelante nuevas formas de roturaci\u00f3n y de explotacion de recursos hidricos.<\/p>\n<p>En ese modelo, el covid19, es una externalidad, de los mercados, y de los procesos de urbanizaci\u00f3n, d\u00f3nde algunos ganan mucho (desarrolladores urbanos de Wuhan, y empresas aeron\u00e1uticas que no son necesariamente chinas), y la mayor\u00eda del planeta paga. Tal vez la urbanizaci\u00f3n y el transporte de pasajeros, deba dejar el mundo de C\u00e1ndido. Se podr\u00e1 responder que existen otras agendas, como el calentamiento global, es posible, aunque la vinculaci\u00f3n es alta, y por alg\u00fan lado se debe comenzar.<\/p>\n<p>El peligro, y la fuerza de la patria, tal vez sea solo, la mueca, que se dibuja, en un planeta, que muestra una notable indigencia de formas de gobierno global.<\/p>\n<p>Es una tarea que de solo imaginarla paraliza, pero hay otra par\u00e1lisis peor, que requiere menos imaginaci\u00f3n, pues nos rodea en estos d\u00edas: la muerte.<\/p>\n<p><a href=\"#_ftnref1\" name=\"_ftn1\">[1]<\/a> <a href=\"https:\/\/www.who.int\/csr\/don\/05-january-2020-pneumonia-of-unkown-cause-china\/es\/\">https:\/\/www.who.int\/csr\/don\/05-january-2020-pneumonia-of-unkown-cause-china\/es\/<\/a><\/p>\n<p><a href=\"#_ftnref2\" name=\"_ftn2\">[2]<\/a> <a href=\"https:\/\/www.scmp.com\/news\/china\/society\/article\/3074991\/coronavirus-chinas-first-confirmed-covid-19-case-traced-back\">https:\/\/www.scmp.com\/news\/china\/society\/article\/3074991\/coronavirus-chinas-first-confirmed-covid-19-case-traced-back<\/a><\/p>\n<p><a href=\"#_ftnref3\" name=\"_ftn3\">[3]<\/a> <a href=\"https:\/\/www.who.int\/es\/news-room\/detail\/13-01-2020-who-statement-on-novel-coronavirus-in-thailand\">https:\/\/www.who.int\/es\/news-room\/detail\/13-01-2020-who-statement-on-novel-coronavirus-in-thailand<\/a>.<\/p>\n<p><a href=\"#_ftnref4\" name=\"_ftn4\">[4]<\/a> \u201c<em>La OMS no recomienda adoptar ninguna medida de salud espec\u00edfica para las personas que viajen, si bien se les aconseja que acudan a un centro de salud y que expliquen a su m\u00e9dico el trayecto que han realizado en el caso de que presenten s\u00edntomas respiratorios durante o despu\u00e9s del viaje. Las orientaciones relativas a los viajes se han actualizado.<\/em><\/p>\n<p><em>A la luz de la informaci\u00f3n disponible en relaci\u00f3n con este evento, la OMS desaconseja aplicar restricciones a los viajes a China o al comercio con este pa\u00eds<\/em>\u201d. <a href=\"https:\/\/www.who.int\/csr\/don\/12-january-2020-novel-coronavirus-china\/es\/\">https:\/\/www.who.int\/csr\/don\/12-january-2020-novel-coronavirus-china\/es\/<\/a><\/p>\n<p><a href=\"#_ftnref5\" name=\"_ftn5\">[5]<\/a> <a href=\"https:\/\/www.who.int\/csr\/don\/12-january-2020-novel-coronavirus-china\/es\/\">https:\/\/www.who.int\/csr\/don\/12-january-2020-novel-coronavirus-china\/es\/<\/a><\/p>\n<p><a href=\"#_ftnref6\" name=\"_ftn6\">[6]<\/a> <a href=\"http:\/\/www.imperial.ac.uk\/mrc-global-infectious-disease-analysis\/covid-19\/report-1-case-estimates-of-covid-19\/\">http:\/\/www.imperial.ac.uk\/mrc-global-infectious-disease-analysis\/covid-19\/report-1-case-estimates-of-covid-19\/<\/a><\/p>\n<p><a href=\"#_ftnref7\" name=\"_ftn7\">[7]<\/a> <a href=\"https:\/\/www.who.int\/china\/news\/detail\/22-01-2020-field-visit-wuhan-china-jan-2020\">https:\/\/www.who.int\/china\/news\/detail\/22-01-2020-field-visit-wuhan-china-jan-2020<\/a><\/p>\n<p><a href=\"#_ftnref8\" name=\"_ftn8\">[8]<\/a> <a href=\"https:\/\/www.reuters.com\/article\/us-china-health-who-idUSKBN1ZM1G9\">https:\/\/www.reuters.com\/article\/us-china-health-who-idUSKBN1ZM1G9<\/a><\/p>\n<p><a href=\"#_ftnref9\" name=\"_ftn9\">[9]<\/a><a href=\"https:\/\/www.who.int\/docs\/default-source\/coronaviruse\/situation-reports\/20200130-sitrep-10-ncov.pdf?sfvrsn=d0b2e480_2\">https:\/\/www.who.int\/docs\/default-source\/coronaviruse\/situation-reports\/20200130-sitrep-10-ncov.pdf?sfvrsn=d0b2e480_2<\/a><\/p>\n<p><a href=\"#_ftnref10\" name=\"_ftn10\">[10]<\/a> <a href=\"https:\/\/iris.paho.org\/handle\/10665.2\/10053\">https:\/\/iris.paho.org\/handle\/10665.2\/10053<\/a><\/p>\n<p><a href=\"#_ftnref11\" name=\"_ftn11\">[11]<\/a><a href=\"https:\/\/theconversation.com\/r0-how-scientists-quantify-the-intensity-of-an-outbreak-like-coronavirus-and-predict-the-pandemics-spread-130777\">https:\/\/theconversation.com\/r0-how-scientists-quantify-the-intensity-of-an-outbreak-like-coronavirus-and-predict-the-pandemics-spread-130777<\/a><\/p>\n<p><a href=\"#_ftnref12\" name=\"_ftn12\">[12]<\/a> <a href=\"https:\/\/www.bbc.com\/mundo\/noticias-51469198\">https:\/\/www.bbc.com\/mundo\/noticias-51469198<\/a>.<\/p>\n<p><a href=\"#_ftnref13\" name=\"_ftn13\">[13]<\/a> <a href=\"https:\/\/www.who.int\/csr\/don\/12-january-2020-novel-coronavirus-china\/es\/\">https:\/\/www.who.int\/csr\/don\/12-january-2020-novel-coronavirus-china\/es\/<\/a><\/p>\n<p><a href=\"#_ftnref14\" name=\"_ftn14\">[14]<\/a> <a href=\"https:\/\/apnews.com\/c0e87e089a89fa5579e1c63acded7d46\">https:\/\/apnews.com\/c0e87e089a89fa5579e1c63acded7d46<\/a><\/p>\n<p><a href=\"#_ftnref15\" name=\"_ftn15\">[15]<\/a> Alfred Crosby. Imperialismo Ecol\u00f3gico. Edit. Cr\u00edtica. P\u00e1gina 47.<\/p>\n<p><a href=\"#_ftnref16\" name=\"_ftn16\">[16]<\/a> <a href=\"http:\/\/www.imperial.ac.uk\/mrc-global-infectious-disease-analysis\/covid-19\/report-6-international-surveillance\/\">http:\/\/www.imperial.ac.uk\/mrc-global-infectious-disease-analysis\/covid-19\/report-6-international-surveillance\/<\/a><\/p>\n<p><a href=\"#_ftnref17\" name=\"_ftn17\">[17]<\/a> <a href=\"https:\/\/www.bbc.com\/mundo\/noticias-america-latina-51641436\">https:\/\/www.bbc.com\/mundo\/noticias-america-latina-51641436<\/a><\/p>\n<p><a href=\"#_ftnref18\" name=\"_ftn18\">[18]<\/a> <a href=\"https:\/\/www.bbc.com\/mundo\/noticias-america-latina-51728654\">https:\/\/www.bbc.com\/mundo\/noticias-america-latina-51728654<\/a><\/p>\n<p><a href=\"#_ftnref19\" name=\"_ftn19\">[19]<\/a> <a href=\"https:\/\/www.who.int\/es\/news-room\/detail\/27-04-2020-who-timeline---covid-19\">https:\/\/www.who.int\/es\/news-room\/detail\/27-04-2020-who-timeline&#8212;covid-19<\/a><\/p>\n<p><a href=\"#_ftnref20\" name=\"_ftn20\">[20]<\/a> Claire Hooker. Drawing the Lines: Danger and Risk in the Age of SARS. <a href=\"https:\/\/link.springer.com\/chapter\/10.1057\/9780230288904_10\">https:\/\/link.springer.com\/chapter\/10.1057\/9780230288904_10<\/a><\/p>\n<p><a href=\"#_ftnref21\" name=\"_ftn21\"><sup>[21]<\/sup><\/a> De la peligrosidad al riesgo &#8211; Robert Castel, En Wright Mills, C., Foucault, M. Pollak, p. Macruse, h. Habermas, J. Elias, n. Etal. (1986). Materiales de sociolog\u00eda cr\u00edtica. Madrid. Ediciones de la piqueta.<\/p>\n<p><a href=\"#_ftnref22\" name=\"_ftn22\">[22]<\/a> Jos\u00e9 Pedro Barr\u00e1n. Medicina y sociedad en el Uruguay del Novecientos. La ortopedia de los pobres. EBO. Montevideo. 1993. P\u00e1gina 144<\/p>\n<p><a href=\"#_ftnref23\" name=\"_ftn23\">[23]<\/a> <a href=\"https:\/\/link.springer.com\/chapter\/10.1057\/9780230288904_5\">The World Health Organization and the Transition from \u2018International\u2019 to \u2018Global\u2019 Health<\/a>.<\/p>\n<p>Theodore M. Brown, Marcos Cueto, Elizabeth Fee. <a href=\"https:\/\/link.springer.com\/chapter\/10.1057\/9780230288904_5\">https:\/\/link.springer.com\/chapter\/10.1057\/9780230288904_5<\/a><\/p>\n<p><a href=\"#_ftnref24\" name=\"_ftn24\">[24]<\/a> <a href=\"https:\/\/www.who.int\/ihr\/alert_and_response\/outbreak-network\/es\/\">https:\/\/www.who.int\/ihr\/alert_and_response\/outbreak-network\/es\/<\/a><\/p>\n<p><a href=\"#_ftnref25\" name=\"_ftn25\">[25]<\/a> Lorna Weir and Eric Mykhalovskiy. The Geopolitics of Global Public Health Surveillance in theTwenty-First Century. <a href=\"https:\/\/www.researchgate.net\/publication\/304635699_The_Geopolitics_of_Global_Public_Health_Surveillance_in_the_Twenty-First_Century\">https:\/\/www.researchgate.net\/publication\/304635699_The_Geopolitics_of_Global_Public_Health_Surveillance_in_the_Twenty-First_Century<\/a><\/p>\n<p><a href=\"#_ftnref26\" name=\"_ftn26\">[26]<\/a> <a href=\"https:\/\/www.who.int\/ihr\/publications\/9789241580496\/es\/\">https:\/\/www.who.int\/ihr\/publications\/9789241580496\/es\/<\/a><\/p>\n<p><a href=\"#_ftnref27\" name=\"_ftn27\">[27]<\/a> <a href=\"https:\/\/www.who.int\/csr\/outbreaknetwork\/es\/\">https:\/\/www.who.int\/csr\/outbreaknetwork\/es\/<\/a><\/p>\n<p><a href=\"#_ftnref28\" name=\"_ftn28\">[28]<\/a> Le 21 janvier 2020 \u00e0 la mi-journ\u00e9e, la Chine a annonc\u00e9 trois nouvelles victimes du coronavirus 2019 n-CoV, portant le bilan \u00e0 six morts. Le 22 Janvier, on d\u00e9nombre 9 morts. Les victimes sont pour l\u2019instant des personnes \u00e2g\u00e9es et\/ou avec des comorbidit\u00e9s associ\u00e9es. Des cas ont \u00e9t\u00e9 confirm\u00e9s au Japon, en Tha\u00eflande, aux Etats-Unis, et des cas suspect\u00e9s en Australie et aux Philippines. L\u2019Organisation mondiale de la sant\u00e9 (OMS) doit donc tenir une r\u00e9union d\u2019urgence le mercredi 22 janvier. D\u2019autant que des scientifiques britanniques, d\u2019un centre collaborateur de l\u2019OMS, ont annonc\u00e9 le 17 janvier que pr\u00e8s de 1700 personnes pourraient avoir \u00e9t\u00e9 contamin\u00e9es2, selon une \u00e9tude de mod\u00e9lisation. <a href=\"https:\/\/www.pasteur.fr\/fr\/journal-recherche\/actualites\/sars-cov-2-role-institut-pasteur-surveillance-du-virus-2019-n-cov-apparu-chine\">https:\/\/www.pasteur.fr\/fr\/journal-recherche\/actualites\/sars-cov-2-role-institut-pasteur-surveillance-du-virus-2019-n-cov-apparu-chine<\/a><\/p>\n<p><a href=\"#_ftnref29\" name=\"_ftn29\">[29]<\/a> <a href=\"https:\/\/www.imperial.ac.uk\/mrc-global-infectious-disease-analysis\/covid-19\/report-1-case-estimates-of-covid-19\/\">https:\/\/www.imperial.ac.uk\/mrc-global-infectious-disease-analysis\/covid-19\/report-1-case-estimates-of-covid-19\/<\/a><\/p>\n<p><a href=\"#_ftnref30\" name=\"_ftn30\">[30]<\/a> <a href=\"https:\/\/www.youtube.com\/watch?v=EvTmRh_AhCs\">https:\/\/www.youtube.com\/watch?v=EvTmRh_AhCs<\/a><\/p>\n<p><a href=\"#_ftnref31\" name=\"_ftn31\">[31]<\/a> <a href=\"https:\/\/www.montevideo.com.uy\/Mujer-y-salud\/El-coronavirus-COVID-19-es-un-tema-prioritario-para-las-nuevas-autoridades-del-MSP-uc745861\">https:\/\/www.montevideo.com.uy\/Mujer-y-salud\/El-coronavirus-COVID-19-es-un-tema-prioritario-para-las-nuevas-autoridades-del-MSP-uc745861<\/a><\/p>\n<p><a href=\"#_ftnref32\" name=\"_ftn32\">[32]<\/a> <a href=\"https:\/\/www.lr21.com.uy\/comunidad\/1423891-disenadora-moda-uruguaya-coronavirus-casamiento-500-personas\">https:\/\/www.lr21.com.uy\/comunidad\/1423891-disenadora-moda-uruguaya-coronavirus-casamiento-500-personas<\/a><\/p>\n<p><a href=\"#_ftnref33\" name=\"_ftn33\">[33]<\/a> <a href=\"https:\/\/ecos.la\/UY\/13\/Sociedad\/2020\/03\/16\/40566\/salud-publica-heredo-el-gobierno-con-solo-100-kits-ante-el-coronavirus\/\">https:\/\/ecos.la\/UY\/13\/Sociedad\/2020\/03\/16\/40566\/salud-publica-heredo-el-gobierno-con-solo-100-kits-ante-el-coronavirus\/<\/a><\/p>\n<p><a href=\"#_ftnref34\" name=\"_ftn34\">[34]<\/a> Rappelons qu\u2019en 2003, gr\u00e2ce \u00e0 une mobilisation internationale sans pr\u00e9c\u00e9dent, motiv\u00e9e par l\u2019alerte mondiale d\u00e9clench\u00e9e par l\u2019OMS, l\u2019agent causal du Sras, un coronavirus inconnu jusqu\u2019alors, avait pu \u00eatre rapidement identifi\u00e9, et l\u2019\u00e9pid\u00e9mie \u00eatre endigu\u00e9e par des mesures d\u2019isolement et de quarantaine. L\u2019\u00e9pid\u00e9mie actuelle de 2019 n-CoV rappelle celle du Sras. <a href=\"https:\/\/www.pasteur.fr\/fr\/journal-recherche\/actualites\/sars-cov-2-role-institut-pasteur-surveillance-du-virus-2019-n-cov-apparu-chine\">https:\/\/www.pasteur.fr\/fr\/journal-recherche\/actualites\/sars-cov-2-role-institut-pasteur-surveillance-du-virus-2019-n-cov-apparu-chine<\/a><\/p>\n<p><a href=\"#_ftnref35\" name=\"_ftn35\">[35]<\/a> <a href=\"https:\/\/www.montevideo.com.uy\/Noticias\/Lacalle-declaro-la-emergencia-sanitaria-por-coronavirus-habra-cierre-parcial-de-fronteras-uc746939\">https:\/\/www.montevideo.com.uy\/Noticias\/Lacalle-declaro-la-emergencia-sanitaria-por-coronavirus-habra-cierre-parcial-de-fronteras-uc746939<\/a><\/p>\n<p><a href=\"#_ftnref36\" name=\"_ftn36\">[36]<\/a> <a href=\"https:\/\/www.presidencia.gub.uy\/comunicacion\/comunicacionnoticias\/conferencia-durazno-suspension-clases-coronavirus-msp\">https:\/\/www.presidencia.gub.uy\/comunicacion\/comunicacionnoticias\/conferencia-durazno-suspension-clases-coronavirus-msp<\/a><\/p>\n<p><a href=\"#_ftnref37\" name=\"_ftn37\">[37]<\/a> <a href=\"https:\/\/www.montevideo.com.uy\/Noticias\/Udelar-suspendio-las-clases-por-una-semana-para-prevenir-la-expansion-del-coronavirus-uc746937\">https:\/\/www.montevideo.com.uy\/Noticias\/Udelar-suspendio-las-clases-por-una-semana-para-prevenir-la-expansion-del-coronavirus-uc746937<\/a><\/p>\n<p><a href=\"#_ftnref38\" name=\"_ftn38\">[38]<\/a> <a href=\"https:\/\/www.montevideo.com.uy\/Noticias\/Para-frenar-circulacion-el-Gobierno-esta-ante-una-encrucijada-de-hierro--segun-penalista-uc748707\">https:\/\/www.montevideo.com.uy\/Noticias\/Para-frenar-circulacion-el-Gobierno-esta-ante-una-encrucijada-de-hierro&#8211;segun-penalista-uc748707<\/a><\/p>\n<p><a href=\"#_ftnref39\" name=\"_ftn39\">[39]<\/a> <a href=\"https:\/\/www.montevideo.com.uy\/Noticias\/Intentaron-prender-fuego-a-rancho-de-infectado-con-coronavirus-que-fue-a-Punta-del-Diablo-uc748791\">https:\/\/www.montevideo.com.uy\/Noticias\/Intentaron-prender-fuego-a-rancho-de-infectado-con-coronavirus-que-fue-a-Punta-del-Diablo-uc748791<\/a><\/p>\n<p><a href=\"#_ftnref40\" name=\"_ftn40\">[40]<\/a> <a href=\"https:\/\/www.montevideo.com.uy\/Noticias\/Hombre-al-que-incendiaron-rancho-en-Punta-del-Diablo-denuncia-que-vecinos-lo-insultaron-uc748825\">https:\/\/www.montevideo.com.uy\/Noticias\/Hombre-al-que-incendiaron-rancho-en-Punta-del-Diablo-denuncia-que-vecinos-lo-insultaron-uc748825<\/a><\/p>\n<p><a href=\"#_ftnref41\" name=\"_ftn41\">[41]<\/a> <a href=\"https:\/\/www.montevideo.com.uy\/Noticias\/Montevideana-con-COVID-19-fue-denunciada-por-violar-la-cuarentena-en-la-Paloma-uc749235\">https:\/\/www.montevideo.com.uy\/Noticias\/Montevideana-con-COVID-19-fue-denunciada-por-violar-la-cuarentena-en-la-Paloma-uc749235<\/a><\/p>\n<p><a href=\"#_ftnref42\" name=\"_ftn42\">[42]<\/a> <a href=\"https:\/\/ladiaria.com.uy\/articulo\/2020\/4\/diputado-nacionalista-denunciara-penalmente-a-quienes-violen-la-cuarentena\/\">https:\/\/ladiaria.com.uy\/articulo\/2020\/4\/diputado-nacionalista-denunciara-penalmente-a-quienes-violen-la-cuarentena\/<\/a><\/p>\n<p><a href=\"#_ftnref43\" name=\"_ftn43\">[43]<\/a> <a href=\"https:\/\/ladiaria.com.uy\/articulo\/2020\/3\/tabare-vazquez-inevitablemente-tenemos-que-ir-a-una-cuarentena-total-si-queremos-cortar-con-este-ciclo-vicioso\/\">https:\/\/ladiaria.com.uy\/articulo\/2020\/3\/tabare-vazquez-inevitablemente-tenemos-que-ir-a-una-cuarentena-total-si-queremos-cortar-con-este-ciclo-vicioso\/<\/a><\/p>\n<p><a href=\"#_ftnref44\" name=\"_ftn44\">[44]<\/a> <a href=\"http:\/\/laprensa.com.uy\/index.php\/locales\/130784-2020-03-25-16-20-35\">http:\/\/laprensa.com.uy\/index.php\/locales\/130784-2020-03-25-16-20-35<\/a><\/p>\n<p><a href=\"#_ftnref45\" name=\"_ftn45\">[45]<\/a> <a href=\"https:\/\/www.subrayado.com.uy\/intendencia-rocha-multara-las-personas-que-ingresen-las-zonas-inhabilitados-n617270\">https:\/\/www.subrayado.com.uy\/intendencia-rocha-multara-las-personas-que-ingresen-las-zonas-inhabilitados-n617270<\/a><\/p>\n<p><a href=\"#_ftnref46\" name=\"_ftn46\">[46]<\/a> <a href=\"https:\/\/mundo.sputniknews.com\/america-latina\/202004061091026322-el-gobierno-de-uruguay-prohibe-ingreso-a-playas-de-montevideo-por-covid-19\/\">https:\/\/mundo.sputniknews.com\/america-latina\/202004061091026322-el-gobierno-de-uruguay-prohibe-ingreso-a-playas-de-montevideo-por-covid-19\/<\/a><\/p>\n<p><a href=\"#_ftnref47\" name=\"_ftn47\">[47]<\/a> <a href=\"https:\/\/lapalomahoy.uy\/nota\/4081\/multas-en-la-aguada-les-dijimos-ayer-que-no-vinieran-y-hoy-estan-otra-vez-aca\">https:\/\/lapalomahoy.uy\/nota\/4081\/multas-en-la-aguada-les-dijimos-ayer-que-no-vinieran-y-hoy-estan-otra-vez-aca<\/a><\/p>\n<p><a href=\"#_ftnref48\" name=\"_ftn48\">[48]<\/a> <a href=\"https:\/\/lapalomahoy.uy\/nota\/4081\/multas-en-la-aguada-les-dijimos-ayer-que-no-vinieran-y-hoy-estan-otra-vez-aca\">https:\/\/lapalomahoy.uy\/nota\/4081\/multas-en-la-aguada-les-dijimos-ayer-que-no-vinieran-y-hoy-estan-otra-vez-aca<\/a><\/p>\n<p><a href=\"#_ftnref49\" name=\"_ftn49\">[49]<\/a> <a href=\"https:\/\/www.subrayado.com.uy\/coronavirus-fiscalia-investiga-denuncia-contra-carmela-hontou-e-hijos-n611616\">https:\/\/www.subrayado.com.uy\/coronavirus-fiscalia-investiga-denuncia-contra-carmela-hontou-e-hijos-n611616<\/a><\/p>\n<p><a href=\"#_ftnref50\" name=\"_ftn50\">[50]<\/a> <a href=\"https:\/\/www.elobservador.com.uy\/nota\/fiscal-archivo-investigacion-contra-carmela-hontou-al-probar-que-no-salio-de-su-casa-en-la-cuarentena-202053181430\">https:\/\/www.elobservador.com.uy\/nota\/fiscal-archivo-investigacion-contra-carmela-hontou-al-probar-que-no-salio-de-su-casa-en-la-cuarentena-202053181430<\/a><\/p>\n<p><a href=\"#_ftnref51\" name=\"_ftn51\">[51]<\/a> <a href=\"https:\/\/www.elpais.com.uy\/informacion\/politica\/video-patrullero-rambla-interior-dice-exhortacion-desalentar-aglomeraciones.html\">https:\/\/www.elpais.com.uy\/informacion\/politica\/video-patrullero-rambla-interior-dice-exhortacion-desalentar-aglomeraciones.html<\/a><\/p>\n<p><a href=\"#_ftnref52\" name=\"_ftn52\">[52]<\/a> <a href=\"https:\/\/www.tvshow.com.uy\/personajes\/periodistas-alarmados-movimiento-calles.html\">https:\/\/www.tvshow.com.uy\/personajes\/periodistas-alarmados-movimiento-calles.html<\/a><\/p>\n<p><a href=\"#_ftnref53\" name=\"_ftn53\">[53]<\/a> <a href=\"https:\/\/www.montevideo.com.uy\/Noticias\/A-partir-de-este-miercoles-sera-obligatorio-el-uso-de-tapaboca-en-los-supermercados-uc750650\">https:\/\/www.montevideo.com.uy\/Noticias\/A-partir-de-este-miercoles-sera-obligatorio-el-uso-de-tapaboca-en-los-supermercados-uc750650<\/a><\/p>\n<p><a href=\"#_ftnref54\" name=\"_ftn54\">[54]<\/a> <a href=\"https:\/\/www.elobservador.com.uy\/nota\/operacion-todos-en-casa-que-se-necesita-para-ser-considerado-un-varado--202032514754\">https:\/\/www.elobservador.com.uy\/nota\/operacion-todos-en-casa-que-se-necesita-para-ser-considerado-un-varado&#8211;202032514754<\/a><\/p>\n<p><a href=\"#_ftnref55\" name=\"_ftn55\">[55]<\/a> <a href=\"https:\/\/www.bbc.com\/mundo\/noticias-52426722\">https:\/\/www.bbc.com\/mundo\/noticias-52426722<\/a><\/p>\n<p><a href=\"#_ftnref56\" name=\"_ftn56\">[56]<\/a> <a href=\"https:\/\/repositorio.uca.edu.ar\/handle\/123456789\/160?mode=full\">https:\/\/repositorio.uca.edu.ar\/handle\/123456789\/160?mode=full<\/a> \u00a0\u00a0\u00a0\u00a0\u00a0\u00a0\u00a0 Serr\u00f3n, V. (2013). Epidemia y modernidad pol\u00edtica: la influenza en Uruguay, 1918-1919 [en l\u00ednea]. Tesis de Doctorado, Universidad Cat\u00f3lica Argentina, Facultad de Ciencias Sociales, Pol\u00edticas y de la Comunicaci\u00f3n.<\/p>\n<p><a href=\"#_ftnref57\" name=\"_ftn57\">[57]<\/a> <a href=\"https:\/\/www.bbc.com\/mundo\/noticias-52230846\">https:\/\/www.bbc.com\/mundo\/noticias-52230846<\/a><\/p>\n<p><a href=\"#_ftnref58\" name=\"_ftn58\">[58]<\/a> <a href=\"https:\/\/www.montevideo.com.uy\/En-Perspectiva\/Infectologo-Medina--Tenemos-de-los-porcentajes-mas-bajos-de-fallecidos-de-America-Latina--uc751892\">https:\/\/www.montevideo.com.uy\/En-Perspectiva\/Infectologo-Medina&#8211;Tenemos-de-los-porcentajes-mas-bajos-de-fallecidos-de-America-Latina&#8211;uc751892<\/a><\/p>\n<p><a href=\"#_ftnref59\" name=\"_ftn59\">[59]<\/a> <a href=\"https:\/\/jamanetwork.com\/journals\/jama\/fullarticle\/2763667\">https:\/\/jamanetwork.com\/journals\/jama\/fullarticle\/2763667<\/a> .\u201d (Las estad\u00edsticas de letalidad en Italia se basan en la definici\u00f3n de muertes relacionadas con COVID-19 como aquellas que ocurren en pacientes que dan positivo para SARS-CoV-2 a trav\u00e9s de RT-PCR, independientemente de las enfermedades preexistentes que pueden haber causado la muerte. Este m\u00e9todo fue seleccionado porque no hay criterios claros para la definici\u00f3n de muertes relacionadas con COVID-19.) Traducci\u00f3n propia.<\/p>\n<p><a href=\"#_ftnref60\" name=\"_ftn60\">[60]<\/a> <a href=\"https:\/\/jamanetwork.com\/journals\/jama\/fullarticle\/2763667\">https:\/\/jamanetwork.com\/journals\/jama\/fullarticle\/2763667<\/a> (Las muertes relacionadas con COVID-19 no est\u00e1n claramente definidas en los informes internacionales disponibles hasta el momento, y las diferencias en las definiciones de lo que es o no una muerte relacionada con COVID-19 podr\u00eda explicar la variaci\u00f3n en las tasas de letalidad entre los diferentes pa\u00edses. Para comprender mejor las causas reales de muerte, la ISS ahora est\u00e1 revisando los registros m\u00e9dicos completos de todos los pacientes con resultados positivos de RT-PCR que han muerto en Italia.). Traducci\u00f3n propia.<\/p>\n<p><a href=\"#_ftnref61\" name=\"_ftn61\">[61]<\/a> <a href=\"https:\/\/jamanetwork.com\/journals\/jama\/fullarticle\/2763667\">https:\/\/jamanetwork.com\/journals\/jama\/fullarticle\/2763667<\/a> <em>(Otros pa\u00edses tienen diferentes estrategias de prueba. Por ejemplo, la Rep\u00fablica de Corea ha adoptado una estrategia de pruebas amplias para el SARS-CoV-2. Esto puede haber llevado a la identificaci\u00f3n de un gran n\u00famero de personas que ten\u00edan s\u00edntomas leves o limitados, pero una tasa de letalidad mucho m\u00e1s baja en comparaci\u00f3n con Italia (1.0% vs 7.2%) porque muchos pacientes con enfermedad leve que no ser\u00edan evaluados en Italia se incluy\u00f3 en el denominador en Corea<\/em>). Traducci\u00f3n propia.<\/p>\n<p><a href=\"#_ftnref62\" name=\"_ftn62\">[62]<\/a> <a href=\"https:\/\/jamanetwork.com\/journals\/jama\/fullarticle\/2763667\">https:\/\/jamanetwork.com\/journals\/jama\/fullarticle\/2763667<\/a> <em>(Desde el punto de vista de la investigaci\u00f3n, las comparaciones discutidas resaltan la necesidad de transparencia al informar las pol\u00edticas de prueba, con un informe claro de los denominadores utilizados para calcular las tasas de letalidad y la edad, el sexo y el estado cl\u00ednico com\u00f3rbido de las personas afectadas al comparar el caso COVID-19 y tasas de mortalidad entre diferentes pa\u00edses y regiones. Finalmente, debido a que el brote es nuevo, se necesita una vigilancia continua, con informes transparentes y precisos de las caracter\u00edsticas del paciente y las pol\u00edticas de prueba de varios pa\u00edses para comprender mejor la epidemiolog\u00eda global de COVID-19.) traducci\u00f3n propia.<\/em><\/p>\n<p><a href=\"#_ftnref63\" name=\"_ftn63\">[63]<\/a> Serr\u00f3n, V. (2013). Epidemia y modernidad pol\u00edtica: la influenza en Uruguay, 1918-1919 [en l\u00ednea]. Tesis de Doctorado, Universidad Cat\u00f3lica Argentina, Facultad de Ciencias Sociales, Pol\u00edticas y de la Comunicaci\u00f3n.<\/p>\n<p><a href=\"#_ftnref64\" name=\"_ftn64\">[64]<\/a> Medicine at the Border: Disease, Globalization and Security, 1850 to the Present. 1 Jan. 2007<\/p>\n<p>Como citar este post:<\/p>\n<p>Serr\u00f3n, V\u00edctor.\u00a0<a href=\"http:\/\/www.revistahcsm.coc.fiocruz.br\/english\/notas-sobre-nuestra-circunstancia\/\">Notas sobre nuestra circunstancia<\/a>. In Revista\u00a0<i>Hist\u00f3ria, Ci\u00eancias, Sa\u00fade \u2013 Manguinhos<\/i>\u00a0(Blog).\u00a0Publicado\u00a0en\u00a012 de junio de 2020.\u00a0Accedido en [fecha].<\/p>\n<p>Serr\u00f3n, V\u00edctor.\u00a0<a href=\"https:\/\/www.scielo.br\/scielo.php?script=sci_arttext&amp;pid=S0104-59702011000300006&amp;lng=en&amp;nrm=iso\" target=\"_blank\" rel=\"noopener noreferrer\"><span class=\"negrito\">Epidemia y perplejidades m\u00e9dicas:\u00a0Uruguay, 1918-1919<\/span><\/a>.\u00a0<i>Hist. cienc. saude-Manguinhos<\/i>, Set 2011, vol.18, no.3, p.701-722. ISSN 0104-5970<\/p>\n<p>&nbsp;<\/p>\n","protected":false},"excerpt":{"rendered":"<p>Un texto del historiador Victor Serr\u00f3n sobre la Covid-19 en Uruguay.<\/p>\n","protected":false},"author":8,"featured_media":11605,"comment_status":"open","ping_status":"open","sticky":false,"template":"","format":"standard","meta":{"_price":"","_stock":"","_tribe_ticket_header":"","_tribe_default_ticket_provider":"","_tribe_ticket_capacity":"0","_ticket_start_date":"","_ticket_end_date":"","_tribe_ticket_show_description":"","_tribe_ticket_show_not_going":false,"_tribe_ticket_use_global_stock":"","_tribe_ticket_global_stock_level":"","_global_stock_mode":"","_global_stock_cap":"","_tribe_rsvp_for_event":"","_tribe_ticket_going_count":"","_tribe_ticket_not_going_count":"","_tribe_tickets_list":"[]","_tribe_ticket_has_attendee_info_fields":false,"footnotes":""},"categories":[1618],"tags":[1021,1022],"class_list":["post-11592","post","type-post","status-publish","format-standard","has-post-thumbnail","hentry","category-coronavirus-and-history","tag-uruguay","tag-victor-serron"],"_links":{"self":[{"href":"https:\/\/revistahcsm.coc.fiocruz.br\/english\/wp-json\/wp\/v2\/posts\/11592","targetHints":{"allow":["GET"]}}],"collection":[{"href":"https:\/\/revistahcsm.coc.fiocruz.br\/english\/wp-json\/wp\/v2\/posts"}],"about":[{"href":"https:\/\/revistahcsm.coc.fiocruz.br\/english\/wp-json\/wp\/v2\/types\/post"}],"author":[{"embeddable":true,"href":"https:\/\/revistahcsm.coc.fiocruz.br\/english\/wp-json\/wp\/v2\/users\/8"}],"replies":[{"embeddable":true,"href":"https:\/\/revistahcsm.coc.fiocruz.br\/english\/wp-json\/wp\/v2\/comments?post=11592"}],"version-history":[{"count":11,"href":"https:\/\/revistahcsm.coc.fiocruz.br\/english\/wp-json\/wp\/v2\/posts\/11592\/revisions"}],"predecessor-version":[{"id":11611,"href":"https:\/\/revistahcsm.coc.fiocruz.br\/english\/wp-json\/wp\/v2\/posts\/11592\/revisions\/11611"}],"wp:featuredmedia":[{"embeddable":true,"href":"https:\/\/revistahcsm.coc.fiocruz.br\/english\/wp-json\/wp\/v2\/media\/11605"}],"wp:attachment":[{"href":"https:\/\/revistahcsm.coc.fiocruz.br\/english\/wp-json\/wp\/v2\/media?parent=11592"}],"wp:term":[{"taxonomy":"category","embeddable":true,"href":"https:\/\/revistahcsm.coc.fiocruz.br\/english\/wp-json\/wp\/v2\/categories?post=11592"},{"taxonomy":"post_tag","embeddable":true,"href":"https:\/\/revistahcsm.coc.fiocruz.br\/english\/wp-json\/wp\/v2\/tags?post=11592"}],"curies":[{"name":"wp","href":"https:\/\/api.w.org\/{rel}","templated":true}]}}