{"id":11501,"date":"2020-06-02T16:56:14","date_gmt":"2020-06-02T19:56:14","guid":{"rendered":"http:\/\/www.revistahcsm.coc.fiocruz.br\/english\/?p=11501"},"modified":"2020-06-05T00:44:39","modified_gmt":"2020-06-05T03:44:39","slug":"covid-19-en-espana-crisis-sanitaria-e-incertidumbre-social","status":"publish","type":"post","link":"https:\/\/revistahcsm.coc.fiocruz.br\/english\/covid-19-en-espana-crisis-sanitaria-e-incertidumbre-social\/","title":{"rendered":"COVID-19 en Espa\u00f1a: crisis sanitaria e incertidumbre social"},"content":{"rendered":"<p style=\"text-align: right;\">Mayo\u00a02020<\/p>\n<p style=\"text-align: left;\"><a href=\"http:\/\/www.revistahcsm.coc.fiocruz.br\/english\/category\/coronavirus-and-history\/\" target=\"_blank\" rel=\"noopener noreferrer\">Secci\u00f3n: Coronavirus and History<\/a><\/p>\n<div id=\"attachment_2618\" style=\"width: 204px\" class=\"wp-caption alignright\"><a href=\"https:\/\/www.scielo.br\/scielo.php?script=sci_arttext&amp;pid=S0104-59702014000401397&amp;lng=en&amp;nrm=iso\" target=\"_blank\" rel=\"noopener noreferrer\"><img loading=\"lazy\" decoding=\"async\" aria-describedby=\"caption-attachment-2618\" class=\"wp-image-2618\" src=\"http:\/\/www.revistahcsm.coc.fiocruz.br\/english\/wp-content\/uploads\/2015\/01\/rafael-Huertas-post-300x264.jpg\" alt=\"\" width=\"194\" height=\"170\" srcset=\"https:\/\/revistahcsm.coc.fiocruz.br\/english\/wp-content\/uploads\/2015\/01\/rafael-Huertas-post-300x264.jpg 300w, https:\/\/revistahcsm.coc.fiocruz.br\/english\/wp-content\/uploads\/2015\/01\/rafael-Huertas-post.jpg 736w\" sizes=\"auto, (max-width: 194px) 100vw, 194px\" \/><\/a><p id=\"caption-attachment-2618\" class=\"wp-caption-text\">Rafael Huertas ha publicado varios libros, entre ellos\u00a0&#8220;Historia cultural de la psiquiatr\u00eda&#8221;\u00a0(2012).\u00a0En HCS-Manguinhos, public\u00f3 el art\u00edculo\u00a0\u201cLas obsesiones\u00a0antes de Freud: historia y cl\u00ednica.<\/p><\/div>\n<p style=\"text-align: left;\">Rafael Huertas| Profesor\u00a0en el Instituto de Historia del Centro de Ciencias Humanas y Sociales del Consejo Superior de Investigaciones Cient\u00edficas de\u00a0Madrid.<\/p>\n<p>Espa\u00f1a es uno de los pa\u00edses m\u00e1s castigados por la pandemia de COVID-19. Seg\u00fan datos oficiales del <a href=\"https:\/\/covid19.isciii.es\/\">Ministerio de Sanidad<\/a> (a 30 de abril de 2020) el n\u00famero de casos confirmados con PCR + asciende a 213.435 y el de fallecidos a 24.543. El 31 de enero de 2020 se confirm\u00f3 el primer positivo en el territorio nacional, pero no fue hasta marzo cuando los diagn\u00f3sticos empezaron a aumentar de manera exponencial. Se han registrado casos en todas las comunidades aut\u00f3nomas, siendo Madrid, seguido de Catalu\u00f1a y las dos Castillas las m\u00e1s afectadas. El 95 % de las v\u00edctimas mortales tienen m\u00e1s de 60 a\u00f1os y, de estos, el 60 % m\u00e1s de 80 a\u00f1os. Esta mortalidad ha sido especialmente dram\u00e1tica en las residencias de ancianos.<\/p>\n<p>A partir del 16 de marzo el gobierno espa\u00f1ol decret\u00f3 el estado de alarma por 15 d\u00edas, que se ha ido prorrogando sucesivamente y que, a d\u00eda de hoy, est\u00e1 previsto hasta el 10 de mayo. Se implementaron una serie de medidas restrictivas de manera escalonada, se suspendieron las clases en colegios y universidades, se cerraron lugares de sociabilizaci\u00f3n (bares, teatros, etc.), se suspendieron todas las actividades multitudinarias (conciertos, eventos deportivos, etc.) y se recomend\u00f3 el teletrabajo siempre que fuera posible. En una fase posterior se suspendieron todos los trabajos no esenciales y se pusieron en marcha dispositivos de control policial para garantizar el confinamiento de la poblaci\u00f3n y la reducci\u00f3n de los desplazamientos. A primeros de abril se produjo el pico de la epidemia y, a partir de ese momento, el n\u00famero de casos nuevos y la mortalidad han ido disminuyendo, lo que ha permitido programar un proceso de \u201cdesescalada\u201d en fases que se ha iniciado a primeros de mayo.<\/p>\n<p>M\u00e1s all\u00e1 de la cr\u00f3nica de los hechos, cabe plantearse algunas cuestiones sobre las que merece la pena reflexionar en el presente y que, probablemente, ser\u00e1n objeto de an\u00e1lisis por parte de los historiadores que, en su d\u00eda, aborden el estudio de esta epidemia. Algunas de estas cuestiones, sin descartar otras, podr\u00edan ser las siguientes:<\/p>\n<p><strong>El problema de los n\u00fameros<\/strong>: Tal como reconoce el propio Ministerio de Sanidad, es evidente que el n\u00famero de infectados debe ser mucho mayor, pues a los casos <em>confirmados<\/em> (con diagn\u00f3stico microbiol\u00f3gico), habr\u00eda que a\u00f1adir los casos <em>probables<\/em> (infecciones respiratorias agudas graves compatibles con COVID-19) y los casos <em>posibles<\/em> (cuadros respiratorios leves), as\u00ed como las personas infectadas pero asintom\u00e1ticas. La imposibilidad de hacer test masivos a la poblaci\u00f3n desde el principio ha planteado dos problemas: por un lado, dificultad para identificar los contactos, y por otro, no disponer de un denominador conocido que permita calcular con mayor exactitud las tasas de incidencia, prevalencia, letalidad, etc. La realizaci\u00f3n de encuestas de seroprevalencia, ya en marcha, ser\u00e1 fundamental en este sentido.<\/p>\n<p><strong>La respuesta asistencial<\/strong>: Durante varias semanas se lleg\u00f3 a un colapso de las urgencias, salas de hospitalizaci\u00f3n y UCIs. Para ampliar el n\u00famero de camas se recurri\u00f3 a la puesta en marcha de hospitales de campa\u00f1a por parte del ej\u00e9rcito (que tambi\u00e9n se ha ocupado de desinfectar espacios de riesgo: residencias de ancianos, estaciones, mobiliario urbano, etc.), de hoteles medicalizados o de nuevos hospitales provisionales montados en recintos feriales, como el Fira de Barcelona o el <a href=\"https:\/\/www.ifema.es\/covid19-este-virus-lo-paramos-unidos\">hospital IFEMA de Madrid<\/a> (cerrado en 1 de mayo). Las prioridades generadas por el gran n\u00famero de enfermos han ido en detrimento de la atenci\u00f3n a otro tipo de pacientes, posponiendo pruebas, cirug\u00edas programadas, etc., para minimizar riesgos de contagio y optimizar recursos. La dedicaci\u00f3n ejemplar del personal sanitario (con m\u00e1s de 30.000 afectados) no ha impedido desajustes derivados, en gran medida, de los recortes del gasto sanitario p\u00fablico y de las pol\u00edticas privatizadoras en el sector, que han limitado la capacidad de respuesta ante esta crisis sanitaria. Junto a la asistencia hospitalaria, la <a href=\"https:\/\/www.mscbs.gob.es\/profesionales\/prestacionesSanitarias\/CarteraDeServicios\/ContenidoCS\/2AtencionPrimaria\/home.htm\">Atenci\u00f3n Primaria de Salud<\/a> ha tenido que reorganizarse y hacerse cargo, entre otras cosas, del seguimiento domiciliario de los pacientes con COVID-19. Su papel ha sido igualmente importante y, sin duda alguna, ser\u00e1 fundamental en un futuro pr\u00f3ximo, en el que la <a href=\"https:\/\/amf-semfyc.com\/web\/article_ver.php?id=2626\">atenci\u00f3n primaria<\/a> y la salud p\u00fablica comunitaria ser\u00e1n imprescindibles para prevenir o minimizar un posible segundo pico. Ojal\u00e1 los responsables pol\u00edticos sean conscientes de esta prioridad en pol\u00edticas de salud. Si algo nos muestra esta crisis sanitaria es la importancia de una sanidad p\u00fablica bien dotada, tanto en infraestructuras como en recursos humanos, y de calidad que cubra aspectos asistenciales, preventivos y de promoci\u00f3n de la salud, sin olvidar el papel de la <a href=\"http:\/\/aen.es\/blog\/2020\/04\/30\/manifiesto-aen-sobre-situacion-de-emergencia-covid-19\/\">salud mental<\/a>. En paralelo, resulta evidente tambi\u00e9n la necesidad de potenciar la investigaci\u00f3n cient\u00edfica desarrollada en universidades o en organismos p\u00fablicos de investigaci\u00f3n como el <a href=\"https:\/\/www.csic.es\/es\/palabras-clave\/coronavirus\">CSIC<\/a> o el <a href=\"https:\/\/www.isciii.es\/Paginas\/Inicio.aspx\">Instituto de Salud Carlos III<\/a>.<\/p>\n<p><strong>Salud, pol\u00edtica, econom\u00eda<\/strong>: Resultan muy llamativas las cr\u00edticas que, desde las fuerzas pol\u00edticas y los recursos medi\u00e1ticos de la derecha, se formulan contra el gobierno por una supuesta mala gesti\u00f3n de la crisis epid\u00e9mica. Es evidente que ante una situaci\u00f3n tan excepcional y catastr\u00f3fica como la generada por la pandemia, los responsables pol\u00edticos de cualquier pa\u00eds (y de cualquier ideolog\u00eda) pueden cometer errores, caer en contradicciones o hacer torpes rectificaciones, pero responsabilizar al gobierno de los miles de muertos por COVID-19, con el objetivo de desacreditar al gabinete, y a los t\u00e9cnicos en los que se apoya \u2013en ocasiones con <a href=\"https:\/\/www.eldiario.es\/tribunaabierta\/coronavirus-bulos-expertos-instituciones_6_1009359095.html\">bulos o manifestaciones poco rigurosas<\/a>&#8211; para obtener r\u00e9dito pol\u00edtico resulta tan mezquino como irresponsable. Creo que Espa\u00f1a es uno de los pocos pa\u00edses europeos en los que, lamentablemente, se est\u00e1 dando este fen\u00f3meno en t\u00e9rminos tan descarnados.<\/p>\n<p>No abordar\u00e9 aqu\u00ed, por falta de espacio, los altos costes sociales y econ\u00f3micos que la epidemia. Como es bien sabido, los cordones sanitarios y las cuarentenas siempre han chocado con los intereses econ\u00f3micos y comerciales y la situaci\u00f3n actual no es una excepci\u00f3n.<\/p>\n<p><strong>El confinamiento como fen\u00f3meno sociol\u00f3gico: <\/strong>Las condiciones del confinamiento de la poblaci\u00f3n impuesto por el estado de alarma ha puesto de manifiesto, una vez m\u00e1s, el problema de las <a href=\"https:\/\/sehmepidemiassaludglobal.wordpress.com\/2020\/04\/11\/joan-benach-el-coronavirus-es-una-amenaza-muy-fuerte-para-los-barrios-mas-pobres\/\">desigualdades sociales<\/a>, y de la <a href=\"https:\/\/www.eldiario.es\/sociedad\/Salud-coronavirus-confinamiento-desigualdad-magnifica_0_1007199604.html\">salud urbana<\/a>, pues no es lo mismo permanecer en una casa amplia, bien ventilada o con jard\u00edn, que en un peque\u00f1o piso interior de un barrio obrero. Pero, adem\u00e1s, el confinamiento est\u00e1 produciendo reacciones ciudadanas de \u00edndole muy diverso, desde redes de solidaridad y apoyo mutuo, hasta los llamados \u201c<a href=\"https:\/\/catalunyaplural.cat\/es\/marina-garces-el-control-social-sera-uno-de-los-grandes-ganadores-de-la-pandemia\/\">polic\u00edas de balc\u00f3n<\/a>\u201d, vecinos que, al tener tan interiorizada la norma, y el miedo, insultan y delatan a todo el que pasa por la calle o a los que, seg\u00fan ellos, incumplen las normas. De igual modo, el reconocimiento un\u00e1nime al personal sanitario y a otros oficios indispensables, traducido en aplausos a una determinada hora del d\u00eda, coincide con actos, puntuales pero significativos, de acoso individual a esos mismos profesionales por entender que son fuente de contagio en su comunidad. El confinamiento tiene y tendr\u00e1, sin duda, consecuencias en los patrones de convivencia.<\/p>\n<p>Otros aspectos, como el papel de los medios de comunicaci\u00f3n y de las redes sociales, que permiten un gran flujo de informaci\u00f3n inmediata, el fen\u00f3meno de las <em>fake news<\/em>, las cr\u00edticas a las medidas de control social y disciplinamiento de la poblaci\u00f3n, etc., son comunes a otros pa\u00edses en un mundo globalizado por lo que no insistir\u00e9 en ello. Una \u00faltima reflexi\u00f3n me parece obligada. Como ya coment\u00e9 hace d\u00edas en el <a href=\"https:\/\/sehmepidemiassaludglobal.wordpress.com\/2020\/04\/15\/la-cara-b-de-las-epidemias-a-proposito-del-control-social-rafael-huertas\/\">blog Epidemias y salud global de la Sociedad Espa\u00f1ola de Historia de la Medicina<\/a>, \u00faltimamente se puede leer o escuchar algunos comentarios optimistas que apuntan a que cuando superemos lo peor de la epidemia ser\u00e1 necesario un gran esfuerzo de reconstrucci\u00f3n nacional y que, en este contexto, resultar\u00e1 inevitable la existencia de un estado protector que garantice pol\u00edticas sociales y de empleo. Esperemos que as\u00ed sea, pero la situaci\u00f3n ser\u00e1 muy incierta, porque no sabemos, aunque cabe imaginarlo, c\u00f3mo se comportar\u00e1n las instancias supranacionales como el FMI o el Banco Mundial y, en general, el gran capital. Tampoco sabemos si las medidas de control de la poblaci\u00f3n, exigidas y l\u00f3gicas en una situaci\u00f3n de cat\u00e1strofe, inspirar\u00e1n en el futuro tentaciones autoritarias en una Europa que, sin contar con el resurgir de un agresivo (neo)fascismo, aspirar\u00e1 a la \u201cseguridad\u201d y a la tranquilidad social.<\/p>\n<p>Como citar este texto:<\/p>\n<p>Huertas, Rafael. <a href=\"http:\/\/www.revistahcsm.coc.fiocruz.br\/english\/covid-19-en-espana-crisis-sanitaria-e-incertidumbre-social\/\" target=\"_blank\" rel=\"noopener noreferrer\">COVID-19 en Espa\u00f1a: crisis sanitaria e incertidumbre social<\/a>\u00a0In: Revista\u00a0<i>Hist\u00f3ria, Ci\u00eancias, Sa\u00fade \u2013 Manguinhos<\/i>\u00a0(Blog).\u00a0Published on June, 1th, 2020.\u00a0Accessed\u00a0 in [date].<\/p>\n<p>Lea en HCSM:<\/p>\n<p><span class=\"isoref\">Ribeiro, Daniele Corr\u00eaa.\u00a0<a href=\"http:\/\/www.revistahcsm.coc.fiocruz.br\/english\/mexico-entre-pandemias-la-influenza-de-1918-y-la-covid-19\/\" target=\"_blank\" rel=\"noopener noreferrer\"><span class=\"negrito\">Da hist\u00f3ria da psiquiatria \u00e0 constru\u00e7\u00e3o de uma nova cl\u00ednica: as contribui\u00e7\u00f5es de Rafael Huertas para os debates historiogr\u00e1ficos<\/span><\/a>.\u00a0<i>Hist. cienc. saude-Manguinhos<\/i>, Dez 2015, vol.22.<\/span><\/p>\n<p>Huertas, Rafael.\u00a0<a href=\"https:\/\/www.scielo.br\/scielo.php?script=sci_arttext&amp;pid=S0104-59702014000401397&amp;lng=en&amp;nrm=iso\" target=\"_blank\" rel=\"noopener noreferrer\"><span class=\"negrito\">Las obsesiones antes de Freud: historia y cl\u00ednica<\/span><\/a>.\u00a0<i>Hist. cienc. saude-Manguinhos<\/i>, Dic 2014, vol.21, no.4, p.1397-1415. ISSN 0104-5970<\/p>\n<p>&nbsp;<\/p>\n<p>&nbsp;<\/p>\n<p>&nbsp;<\/p>\n<p>&nbsp;<\/p>\n<p>&nbsp;<\/p>\n<p>&nbsp;<\/p>\n","protected":false},"excerpt":{"rendered":"<p>Rafael Huertas, profesor en el Consejo Superior de Investigaciones Cient\u00edficas de Madrid, reflexiona sobre distintos aspectos del inicio de la pandemia en Espa\u00f1a, como la respuesta asistencial y el confinamiento como fen\u00f3meno sociol\u00f3gico.<\/p>\n","protected":false},"author":8,"featured_media":2617,"comment_status":"open","ping_status":"open","sticky":false,"template":"","format":"standard","meta":{"_price":"","_stock":"","_tribe_ticket_header":"","_tribe_default_ticket_provider":"","_tribe_ticket_capacity":"0","_ticket_start_date":"","_ticket_end_date":"","_tribe_ticket_show_description":"","_tribe_ticket_show_not_going":false,"_tribe_ticket_use_global_stock":"","_tribe_ticket_global_stock_level":"","_global_stock_mode":"","_global_stock_cap":"","_tribe_rsvp_for_event":"","_tribe_ticket_going_count":"","_tribe_ticket_not_going_count":"","_tribe_tickets_list":"[]","_tribe_ticket_has_attendee_info_fields":false,"footnotes":""},"categories":[1618,4],"tags":[1644,1625,427,1643,540],"class_list":["post-11501","post","type-post","status-publish","format-standard","has-post-thumbnail","hentry","category-coronavirus-and-history","category-highlights","tag-consejo-superior-de-investigaciones-cientificas-de-madrid","tag-covid","tag-espana","tag-instituto-de-historia-del-centro-de-ciencias-humanas-y-sociales","tag-rafael-huertas"],"_links":{"self":[{"href":"https:\/\/revistahcsm.coc.fiocruz.br\/english\/wp-json\/wp\/v2\/posts\/11501","targetHints":{"allow":["GET"]}}],"collection":[{"href":"https:\/\/revistahcsm.coc.fiocruz.br\/english\/wp-json\/wp\/v2\/posts"}],"about":[{"href":"https:\/\/revistahcsm.coc.fiocruz.br\/english\/wp-json\/wp\/v2\/types\/post"}],"author":[{"embeddable":true,"href":"https:\/\/revistahcsm.coc.fiocruz.br\/english\/wp-json\/wp\/v2\/users\/8"}],"replies":[{"embeddable":true,"href":"https:\/\/revistahcsm.coc.fiocruz.br\/english\/wp-json\/wp\/v2\/comments?post=11501"}],"version-history":[{"count":6,"href":"https:\/\/revistahcsm.coc.fiocruz.br\/english\/wp-json\/wp\/v2\/posts\/11501\/revisions"}],"predecessor-version":[{"id":11526,"href":"https:\/\/revistahcsm.coc.fiocruz.br\/english\/wp-json\/wp\/v2\/posts\/11501\/revisions\/11526"}],"wp:featuredmedia":[{"embeddable":true,"href":"https:\/\/revistahcsm.coc.fiocruz.br\/english\/wp-json\/wp\/v2\/media\/2617"}],"wp:attachment":[{"href":"https:\/\/revistahcsm.coc.fiocruz.br\/english\/wp-json\/wp\/v2\/media?parent=11501"}],"wp:term":[{"taxonomy":"category","embeddable":true,"href":"https:\/\/revistahcsm.coc.fiocruz.br\/english\/wp-json\/wp\/v2\/categories?post=11501"},{"taxonomy":"post_tag","embeddable":true,"href":"https:\/\/revistahcsm.coc.fiocruz.br\/english\/wp-json\/wp\/v2\/tags?post=11501"}],"curies":[{"name":"wp","href":"https:\/\/api.w.org\/{rel}","templated":true}]}}