{"id":10673,"date":"2019-10-10T16:48:49","date_gmt":"2019-10-10T19:48:49","guid":{"rendered":"http:\/\/www.revistahcsm.coc.fiocruz.br\/english\/?p=10673"},"modified":"2019-11-07T23:55:47","modified_gmt":"2019-11-08T01:55:47","slug":"la-metafora-energetica","status":"publish","type":"post","link":"https:\/\/revistahcsm.coc.fiocruz.br\/english\/la-metafora-energetica\/","title":{"rendered":"La met\u00e1fora energ\u00e9tica"},"content":{"rendered":"<p style=\"text-align: right;\">10 de octubre de 2019, D\u00eda Mundial de la Salud Mental<\/p>\n<p style=\"text-align: left;\">En la actualidad es corriente que nos refiramos y comprendamos nuestras vidas a trav\u00e9s de la met\u00e1fora energ\u00e9tica: tomamos bebidas energ\u00e9ticas o antidepresivos cuando sentimos que nos falta; nos vamos de vacaciones para \u201crecargar bater\u00edas\u201d, etc.<\/p>\n<p style=\"text-align: left;\">En este contexto, los investigadores de la Facultad de Psicolog\u00eda de la Universidad Diego Portales (Santiago- Chile), Rodrigo De La Fabi\u00e1n, Francisco Pizarro\u00a0 y Mariano Ruperthuz Honorato, investigaron el origen de dicha met\u00e1fora y su imbricaci\u00f3n con los \u201csaberes psi\u201d.<\/p>\n<div id=\"attachment_10675\" style=\"width: 410px\" class=\"wp-caption aligncenter\"><a href=\"http:\/\/www.scielo.br\/scielo.php?script=sci_arttext&amp;pid=S0104-59702019000300879&amp;lng=en&amp;nrm=iso&amp;tlng=es\" target=\"_blank\" rel=\"noopener noreferrer\"><img loading=\"lazy\" decoding=\"async\" aria-describedby=\"caption-attachment-10675\" class=\"wp-image-10675 size-full\" src=\"http:\/\/www.revistahcsm.coc.fiocruz.br\/english\/wp-content\/uploads\/2019\/10\/imagem-artigo-Mariano.jpg\" alt=\"\" width=\"400\" height=\"287\" \/><\/a><p id=\"caption-attachment-10675\" class=\"wp-caption-text\">Cintur\u00f3n El\u00e9ctrico \u201cHeidelberg\u201d y el tratamiento de la neurastenia, finales del siglo XIX.<\/p><\/div>\n<p>El art\u00edculo, publicado en la actual edici\u00f3n de <em>HCS-Manguinhos<\/em> (vol.26 no.3 July\/Sept, 2019), enfatiza que el auge de la <em>neurastenia<\/em>, registrado a fines del siglo XIX, as\u00ed como la popularidad de la <em>neurosis freudiana<\/em>, durante la primera mitad del siglo XX, se ligan \u00edntimamente al imaginario cultural habilitado por los aportes de la teor\u00eda de la termodin\u00e1mica, desarrollados durante la primera mitad del siglo XIX.<\/p>\n<p>El art\u00edculo tiene por objetivo realizar una historia cr\u00edtica del auge de tres categor\u00edas diagn\u00f3sticas: la neurastenia (fin del siglo XIX), la neurosis (primera mitad del siglo XX) y la depresi\u00f3n (segunda mitad del siglo XX hasta nuestros d\u00edas). La hip\u00f3tesis es que su amplia difusi\u00f3n se explicar\u00eda debido al v\u00ednculo que ellas han tenido con la met\u00e1fora energ\u00e9tica del ser humano.<\/p>\n<p>Por lo tanto, el art\u00edculo muestra que la met\u00e1fora energ\u00e9tica y sus declinaciones, habr\u00edan provisto a occidente una matriz de inteligibilidad que permiti\u00f3 concebir renovados l\u00edmites y posibilidades para el rendimiento humano, as\u00ed como nuevas formas de codificar el sufrimiento, vinculadas al auge de la neurastenia, la neurosis y la depresi\u00f3n.<\/p>\n<p>&nbsp;<\/p>\n<p>&nbsp;<\/p>\n","protected":false},"excerpt":{"rendered":"<p>El art\u00edculo presenta una historia cr\u00edtica de categor\u00edas diagn\u00f3sticas del campo de la salud mental &#8211; como la neurosis y la depresi\u00f3n &#8211; y las relaciona con la met\u00e1fora energ\u00e9tica del ser humano. <\/p>\n","protected":false},"author":8,"featured_media":10674,"comment_status":"open","ping_status":"open","sticky":false,"template":"","format":"standard","meta":{"_price":"","_stock":"","_tribe_ticket_header":"","_tribe_default_ticket_provider":"","_tribe_ticket_capacity":"0","_ticket_start_date":"","_ticket_end_date":"","_tribe_ticket_show_description":"","_tribe_ticket_show_not_going":false,"_tribe_ticket_use_global_stock":"","_tribe_ticket_global_stock_level":"","_global_stock_mode":"","_global_stock_cap":"","_tribe_rsvp_for_event":"","_tribe_ticket_going_count":"","_tribe_ticket_not_going_count":"","_tribe_tickets_list":"[]","_tribe_ticket_has_attendee_info_fields":false,"footnotes":""},"categories":[4],"tags":[1461,1453,1458,1454,191,444,1455,1459,1460,1457,1240,1456],"class_list":["post-10673","post","type-post","status-publish","format-standard","has-post-thumbnail","hentry","category-highlights","tag-depresion","tag-dia-mundial-de-la-salud-mental","tag-francisco-pizarro","tag-freus","tag-historia-ciencias-saude-manguinhos","tag-mariano-ruperthuz-honorato","tag-metafora-energetica","tag-neurastenia","tag-neurosis","tag-rodrigo-de-la-fabian","tag-salud-mental","tag-universidad-diego-portales"],"_links":{"self":[{"href":"https:\/\/revistahcsm.coc.fiocruz.br\/english\/wp-json\/wp\/v2\/posts\/10673","targetHints":{"allow":["GET"]}}],"collection":[{"href":"https:\/\/revistahcsm.coc.fiocruz.br\/english\/wp-json\/wp\/v2\/posts"}],"about":[{"href":"https:\/\/revistahcsm.coc.fiocruz.br\/english\/wp-json\/wp\/v2\/types\/post"}],"author":[{"embeddable":true,"href":"https:\/\/revistahcsm.coc.fiocruz.br\/english\/wp-json\/wp\/v2\/users\/8"}],"replies":[{"embeddable":true,"href":"https:\/\/revistahcsm.coc.fiocruz.br\/english\/wp-json\/wp\/v2\/comments?post=10673"}],"version-history":[{"count":3,"href":"https:\/\/revistahcsm.coc.fiocruz.br\/english\/wp-json\/wp\/v2\/posts\/10673\/revisions"}],"predecessor-version":[{"id":10679,"href":"https:\/\/revistahcsm.coc.fiocruz.br\/english\/wp-json\/wp\/v2\/posts\/10673\/revisions\/10679"}],"wp:featuredmedia":[{"embeddable":true,"href":"https:\/\/revistahcsm.coc.fiocruz.br\/english\/wp-json\/wp\/v2\/media\/10674"}],"wp:attachment":[{"href":"https:\/\/revistahcsm.coc.fiocruz.br\/english\/wp-json\/wp\/v2\/media?parent=10673"}],"wp:term":[{"taxonomy":"category","embeddable":true,"href":"https:\/\/revistahcsm.coc.fiocruz.br\/english\/wp-json\/wp\/v2\/categories?post=10673"},{"taxonomy":"post_tag","embeddable":true,"href":"https:\/\/revistahcsm.coc.fiocruz.br\/english\/wp-json\/wp\/v2\/tags?post=10673"}],"curies":[{"name":"wp","href":"https:\/\/api.w.org\/{rel}","templated":true}]}}