{"id":10650,"date":"2019-10-09T17:37:29","date_gmt":"2019-10-09T20:37:29","guid":{"rendered":"http:\/\/www.revistahcsm.coc.fiocruz.br\/english\/?p=10650"},"modified":"2019-10-25T11:52:46","modified_gmt":"2019-10-25T14:52:46","slug":"las-distintas-caras-de-humboldt","status":"publish","type":"post","link":"https:\/\/revistahcsm.coc.fiocruz.br\/english\/las-distintas-caras-de-humboldt\/","title":{"rendered":"Las distintas caras de Humboldt"},"content":{"rendered":"<p style=\"text-align: right;\">Octubre 2019<\/p>\n<p style=\"text-align: left;\">Equipe Blog <em>HCSM\u00a0| Mauricio Nieto Olarte, Universidad de los Andes\u00a0<\/em><\/p>\n<div id=\"attachment_10652\" style=\"width: 278px\" class=\"wp-caption alignright\"><img loading=\"lazy\" decoding=\"async\" aria-describedby=\"caption-attachment-10652\" class=\"wp-image-10652 size-full\" src=\"http:\/\/www.revistahcsm.coc.fiocruz.br\/english\/wp-content\/uploads\/2019\/10\/Mauricio-blog.png\" alt=\"\" width=\"268\" height=\"300\" \/><p id=\"caption-attachment-10652\" class=\"wp-caption-text\">Mauricio Nieto Olarte\u00a0es Profesor Titular del Departamento de Historia de la Universidad de los Andes, Bogot\u00e1, Colombia. El tambi\u00e9n es autor de\u00a0<em><a href=\"https:\/\/www.amazon.com.br\/Las-m%C3%A1quinas-imperio-reino-Dios\/dp\/9586959031\" target=\"_blank\" rel=\"noopener noreferrer\">Las m\u00e1quinas del imperio y el reino de Dios<\/a>;\u00a0<a href=\"https:\/\/www.amazon.com.br\/Orden-natural-orden-social-semanario\/dp\/8400085078\/ref=sr_1_1?__mk_pt_BR=%C3%85M%C3%85%C5%BD%C3%95%C3%91&amp;keywords=Orden+Natural+y+Orden+Social%3A+ciencia+y+pol%C3%ADtica+en+el+Semanario+del+Nuevo+Reyno+de+Granada&amp;qid=1570649521&amp;s=books&amp;sr=1-1\" target=\"_blank\" rel=\"noopener noreferrer\">Orden Natural y Orden Social: ciencia y pol\u00edtica en el Semanario del Nuevo Reyno de Granada<\/a>;\u00a0<a href=\"https:\/\/libreria.uniandes.edu.co\/index.php?page=shop.product_details&amp;flypage=publicaciones&amp;product_id=7636&amp;category_id=9&amp;manufacturer_id=0&amp;option=com_virtuemart&amp;Itemid=26&amp;vmcchk=1&amp;Itemid=26\" target=\"_blank\" rel=\"noopener noreferrer\">La obra Cartogr\u00e1fica de Francisco Jos\u00e9 de Caldas<\/a>; y\u00a0<a href=\"https:\/\/uniandes.ipublishcentral.com\/product\/remedios-para-el-imperio\" target=\"_blank\" rel=\"noopener noreferrer\">Remedios para el imperio: historia natural y la apropiaci\u00f3n del nuevo mundo<\/a>.<\/em><\/p><\/div>\n<p>En d\u00edas recientes el naturalista alem\u00e1n Alexander von Humboldt, quien recorri\u00f3 las Am\u00e9ricas a comienzos del siglo XIX, ha sido celebrado por los 250 a\u00f1os de su nacimiento.<\/p>\n<p>Sin embargo, varios historiadores \u2013como el profesor colombiano Mauricio Nieto que entrevistamos m\u00e1s abajo\u2014han insistido en los \u00faltimos a\u00f1os en la necesidad de un estudio y an\u00e1lisis m\u00e1s complejo del contexto y del significado de Humboldt.<\/p>\n<p>Nieto, profesor en la Universidad de los Andes, nos habla de este y otros temas como su reciente libro <a href=\"https:\/\/uniandes.edu.co\/es\/publicaciones\/libro-historia-verdad-occidente-mauricio-nieto-olarte\" target=\"_blank\" rel=\"noopener noreferrer\"><em>Una Historia de la Verdad en Occidente <\/em><\/a>publicado recientemente.<\/p>\n<p><strong> \u00bfExiste una idealizaci\u00f3n de Humboldt? <\/strong><\/p>\n<p>La obra de Alexander von Humboldt, ha sido ampliamente comentada y en las \u00faltimas d\u00e9cadas el inter\u00e9s por su trabajo parece seguir creciendo. El reciente y reiteradamente aclamado libro de Andrea Wulf (<a href=\"https:\/\/www.amazon.com\/Invention-Nature-Alexander-Humboldts-World\/dp\/0345806298\" target=\"_blank\" rel=\"noopener noreferrer\"><em>The Invention of Nature: Alexander von Humboldt&#8217;s New World<\/em><\/a>, 2016) es una muestra m\u00e1s de esa creciente industria algo idealizada y que repite lugares comunes.<\/p>\n<p>Con buenas razones, para Alemania en particular, Humboldt es parte importante de un pasado intelectual memorable que se celebra con insistencia. Humboldt es una figura emblem\u00e1tica de los viajes de exploraci\u00f3n en el periodo de la Ilustraci\u00f3n, sus escritos sobre Am\u00e9rica se convirtieron en el paradigma de una nueva mirada sobre el Nuevo Mundo y en ocasiones ha sido presentado como el \u201csegundo descubridor de Am\u00e9rica\u201d.<\/p>\n<p>Incluso se ha argumentado que influy\u00f3 sobre los movimientos de emancipaci\u00f3n americana Su car\u00e1cter rom\u00e1ntico y su \u2018independencia\u2019 pol\u00edtica, econ\u00f3mica y cient\u00edfica, han hecho de \u00e9l un s\u00edmbolo de la \u201cEdad de la Raz\u00f3n\u201d. Sin duda se trata de un personaje fascinante pero creo que hay otra historia que contar.<\/p>\n<div id=\"attachment_10656\" style=\"width: 208px\" class=\"wp-caption alignleft\"><a href=\"https:\/\/pt.wikipedia.org\/wiki\/Alexander_von_Humboldt\"><img loading=\"lazy\" decoding=\"async\" aria-describedby=\"caption-attachment-10656\" class=\"wp-image-10656\" src=\"http:\/\/www.revistahcsm.coc.fiocruz.br\/english\/wp-content\/uploads\/2019\/10\/Humboldt-post.jpg\" alt=\"\" width=\"198\" height=\"300\" \/><\/a><p id=\"caption-attachment-10656\" class=\"wp-caption-text\">Alexander von Humboldt, Berl\u00edn (1769 &#8211; 1859) fue un ge\u00f3grafo, astr\u00f3nomo,\u00a0naturalista\u00a0y\u00a0explorador\u00a0 prusiano. Foto: Wickipedia<\/p><\/div>\n<p><strong>\u00bfCual es la otra cara de la ciencia Humboldtina? \u00bfCu\u00e1l ser\u00eda esa otra historia? <\/strong><\/p>\n<p>Es sano tomar distancia con cierto tono hagiogr\u00e1fico que pueden ocultar otros aspectos de su importancia hist\u00f3rica. Es importante ver al personaje como un hombre de su tiempo y su obra como parte de un gran proyecto de la Ilustraci\u00f3n europea por comprender, clasificar y ordenar el mundo entero dentro de marcos de referencia propios de la ciencia y la cultura occidental.<\/p>\n<p>No hay que olvidar que los viajes de exploraci\u00f3n fueron un componente imprescindible del proceso cultural a trav\u00e9s del cual Europa proclama dominio global. A diferencia de importantes autores Europeos, como Buffon o Hegel, Humboldt se neg\u00f3 a aceptar la inferioridad de la naturaleza americana.<\/p>\n<p>Esto ha facilitado que en repetidas ocasiones Humboldt se presente como un gran promotor del americanismo y se le agradece el haberle otorgado al Nuevo Mundo un lugar digno en el orden mundial; pero no debemos pasar por alto que este proceso de incorporaci\u00f3n requiere de una traducci\u00f3n del Nuevo Mundo a marcos de referencia europeos cuya universalidad supone tambi\u00e9n la negaci\u00f3n de otras formas de entender la naturaleza.<\/p>\n<p>La naturaleza americana no se puede llevar a Europa, las plantas y los animales y obviamente las monta\u00f1as o los r\u00edos sencillamente no se pueden tener en las capitales europeas. Para su dominio, el Nuevo Mundo tiene que ser transformado en dispositivos m\u00f3viles como mapas, tablas, dibujos y textos. Esta movilizaci\u00f3n de la naturaleza es posible gracias a sofisticadas formas de representaci\u00f3n visual, sistemas taxon\u00f3micos y a la precisi\u00f3n de un observador entrenado en el uso de los instrumentos adecuados.<\/p>\n<p>El poder del eurocentrismo no est\u00e1 en la negaci\u00f3n o desprecio de otros, m\u00e1s bien en su capacidad de traducci\u00f3n, de inclusi\u00f3n y dominio de lo extra\u00f1o dentro de marcos de referencia propios. Humboldt es un claro ejemplo de esa capacidad de la ciencia occidental de ordenar y domesticar la naturaleza. As\u00ed su obra es una expresi\u00f3n de eurocentrismo m\u00e1s ponderosa que la del mismo Hegel o Buffon.<\/p>\n<p><strong>\u00bfCual fue el papel de personajes en el Nuevo Reino de Granada como Caldas y Mutis que UD estudio?<\/strong><\/p>\n<p>La obra de Humboldt es un contundente ejemplo del poder de la ciencia y la tecnolog\u00eda de la Europa ilustrada; pero no podemos, como es frecuente, desconocer que sus encuentros con criollos y nativos jugaron un papel importante en su visi\u00f3n de la naturaleza. El encuentro de Humboldt con el Nuevo Mundo no puede limitarse a un encuentro directo entre Humboldt y la naturaleza americana.<\/p>\n<p>Humboldt, como cualquier otro viajero de territorios extra\u00f1os para \u00e9l pero habitado, no se encuentra solo. Sus observaciones no ocurren de manera directa ni en un contexto social vac\u00edo. Sin duda su obra se enriquece, se nutre y hasta cierto punto se define por los contextos en que Humboldt se relaciona con la naturaleza y las culturas americanas, lo que sus gu\u00edas le muestran, lo que otros viajeros ya han descrito o la informaci\u00f3n que naturalistas locales le ofrecen sobre la naturaleza americana.<\/p>\n<p>A lo largo de sus viajes Humboldt tuvo contacto con muchas personas que fueron definitivos para su producci\u00f3n cient\u00edfica y el caso de Jos\u00e9 Celestino Mutis y Francisco Jos\u00e9 de Caldas en la Nueva Granada son ejemplos interesantes. El encuentro con Caldas sobretodo me ha llamado la atenci\u00f3n.<\/p>\n<p>Mas que entrar aqu\u00ed en un debate de prioridad de ideas, de qui\u00e9n copio a quien, es interesante reconocer que estos dos personajes, casi de la misma edad, pero con trayectorias muy distintas estaban pensando en formas de entender la naturaleza de los Andes americanos de maneras en apariencia similares.<\/p>\n<p>Caldas con motivaciones m\u00e1s practicas y comerciales se interes\u00f3 por explicar la relaci\u00f3n entre la altura y las plantas de los Andes americanos; Humboldt es insistente en estas relaciones, no tanto para beneficiar la agricultura local sino para entender el orden natural, del planeta entero.<\/p>\n<p><strong>En su reciente libro Una Historia de la Verdad en Occidente por el Fondo de Cultura Economica incluye un capitulo sobre Humboldt y el eurocentrismo \u00bfCual es la tesis central de ese capitulo? <\/strong><\/p>\n<div id=\"attachment_10657\" style=\"width: 205px\" class=\"wp-caption alignright\"><a href=\"https:\/\/uniandes.edu.co\/es\/publicaciones\/libro-historia-verdad-occidente-mauricio-nieto-olarte\"><img loading=\"lazy\" decoding=\"async\" aria-describedby=\"caption-attachment-10657\" class=\"wp-image-10657\" src=\"http:\/\/www.revistahcsm.coc.fiocruz.br\/english\/wp-content\/uploads\/2019\/10\/Screen-Shot-2019-10-06-at-16.52.25.png\" alt=\"\" width=\"195\" height=\"292\" \/><\/a><p id=\"caption-attachment-10657\" class=\"wp-caption-text\">El libro, publicado en 2019, ofrece un panorama amplio de la historia del conocimiento.<\/p><\/div>\n<p>En este libro se intenta explicar la emergencia de una cultura centrada en Europa que proclama posesi\u00f3n de una raz\u00f3n universal y autoridad de control global; la ultima parte del libro es sobre el periodo de la Ilustraci\u00f3n y se titula \u201cLa Ilustraci\u00f3n y el sue\u00f1o europeo de una hegemon\u00eda global\u201d, es precisamente en esta secci\u00f3n que aparece Humboldt como un personaje clave en la consolidaci\u00f3n de una concepci\u00f3n del mundo, un orden natural claramente eurocentrico.<\/p>\n<p>La obra de Humboldt es un gran esfuerzo por comprender el Nuevo Mundo como parte de un \u00fanico universo y de un orden mundial, tanto en t\u00e9rminos de su geograf\u00eda y naturaleza, como de su historia.<\/p>\n<p>La tesis central del libro, como su titulo lo dice, es que la verdad tiene historia, y que podemos dar cuenta de c\u00f3mo ciertas personas o grupos sociales proclaman ser los portavoces de una \u00fanica y leg\u00edtima forma de entender la naturaleza y la sociedad en distintos momentos y lugares de la historia de Occidente. El hecho de que la verdad tenga su historia no quiere decir que no exista o que da lo mismo cualquier forma de explicar la realidad, justamente se trata de explicar las enormes diferencias y consecuencias del triunfo de formas espec\u00edficas de entender el mundo.<\/p>\n<p>Una historia de la verdad en Occidente, es un esfuerzo de abordar el problema del conocimiento con una perspectiva de larga duraci\u00f3n y la secci\u00f3n sobre Humboldt ocupa tres o cuatro p\u00e1ginas en un texto de casi 600, pero creo que es un ejemplo destacado del cometido europeo por ordenar el mundo entero en sus propios t\u00e9rminos. No olvidemos que el titulo de la gran obra de Alexander von Humboldt es Cosmos (orden).<\/p>\n<p><strong>How to cite this interview<\/strong>:<\/p>\n<p><img loading=\"lazy\" decoding=\"async\" class=\"alignnone size-full wp-image-10668 alignleft\" src=\"http:\/\/www.revistahcsm.coc.fiocruz.br\/english\/wp-content\/uploads\/2019\/10\/Humboldt-Mauricio-1-1.jpg\" alt=\"\" width=\"150\" height=\"67\" \/>NIETO OLARTE, M; CUETO, M. Las distintas caras de Humboldt.\u00a0Hist\u00f3ria, Ci\u00eancias, Sa\u00fade \u2013 Manguinhos blog, 2019.\u00a0<a href=\"http:\/\/www.revistahcsm.coc.fiocruz.br\/english\/las-distintas-caras-de-humboldt\/\" target=\"_blank\" rel=\"noopener noreferrer\">http:\/\/www.revistahcsm.coc.fiocruz.br\/english\/las-distintas-caras-de-humboldt\/<\/a><\/p>\n<p>Fetz, Marcelo.\u00a0<a href=\"http:\/\/www.scielo.br\/scielo.php?script=sci_arttext&amp;pid=S0104-59702017000300645&amp;lng=en&amp;nrm=iso\" target=\"_blank\" rel=\"noopener noreferrer\"><span class=\"negrito\">Negotiating boundaries: Encyclop\u00e9die, romanticism, and the construction of science<\/span><\/a>.\u00a0<i>Hist. cienc. saude-Manguinhos<\/i>, Sept 2017, vol.24, no.3, p.645-663. ISSN 0104-5970<\/p>\n<p>Caponi, Sandra.\u00a0<a href=\"http:\/\/www.scielo.br\/scielo.php?script=sci_arttext&amp;pid=S0104-59702007000100002&amp;lng=en&amp;nrm=iso\" target=\"_blank\" rel=\"noopener noreferrer\"><span class=\"negrito\">Sobre la aclimataci\u00f3n:\u00a0Boudin y la geograf\u00eda m\u00e9dica<\/span><\/a>.\u00a0<i>Hist. cienc. saude-Manguinhos<\/i>, Mar 2007, vol.14, no.1, p.13-38. ISSN 0104-5970<\/p>\n<p>Drouin, Jean-Marc.\u00a0<a href=\"http:\/\/www.scielo.br\/scielo.php?script=sci_arttext&amp;pid=S0104-59702001000500003&amp;lng=en&amp;nrm=iso\" target=\"_blank\" rel=\"noopener noreferrer\"><span class=\"negrito\"><i>Analogies et contrastes entre l&#8217;exp\u00e9dition d&#8217;Egypte et le voyage d&#8217;Humboldt et Bonpland<\/i><\/span><\/a>.\u00a0<i>Hist. cienc. saude<\/i>, 2001, vol.8, p.839-861. ISSN 0104-5970<\/p>\n<p><a href=\"http:\/\/www.revistahcsm.coc.fiocruz.br\/english\/el-hombre-y-el-animal-en-la-historia-natural-de-buffon\/\">El hombre y el animal en la historia natural de Buffon<\/a>\u00a0&#8211; Gustavo Caponi (Universidade Federal de Santa Catarina) analiza el pensamiento de Buffon sobre el origen de las especies.<\/p>\n","protected":false},"excerpt":{"rendered":"<p>Para celebrar los 250 a\u00f1os del nacimiento de Alexander von Humboldt, en ocasiones presentado como el \u201csegundo descubridor de Am\u00e9rica\u201d, entrevistamos el historiador Mauricio Nieto, que cree en la necesidad de un estudio m\u00e1s complejo del contexto y del significado del naturalista alem\u00e1n.  <\/p>\n","protected":false},"author":8,"featured_media":10654,"comment_status":"open","ping_status":"open","sticky":false,"template":"","format":"standard","meta":{"_price":"","_stock":"","_tribe_ticket_header":"","_tribe_default_ticket_provider":"","_tribe_ticket_capacity":"0","_ticket_start_date":"","_ticket_end_date":"","_tribe_ticket_show_description":"","_tribe_ticket_show_not_going":false,"_tribe_ticket_use_global_stock":"","_tribe_ticket_global_stock_level":"","_global_stock_mode":"","_global_stock_cap":"","_tribe_rsvp_for_event":"","_tribe_ticket_going_count":"","_tribe_ticket_not_going_count":"","_tribe_tickets_list":"[]","_tribe_ticket_has_attendee_info_fields":false,"footnotes":""},"categories":[4],"tags":[1450,1451,84],"class_list":["post-10650","post","type-post","status-publish","format-standard","has-post-thumbnail","hentry","category-highlights","tag-humboldt","tag-mauricio-nieto-olarte","tag-universidad-de-los-andes"],"_links":{"self":[{"href":"https:\/\/revistahcsm.coc.fiocruz.br\/english\/wp-json\/wp\/v2\/posts\/10650","targetHints":{"allow":["GET"]}}],"collection":[{"href":"https:\/\/revistahcsm.coc.fiocruz.br\/english\/wp-json\/wp\/v2\/posts"}],"about":[{"href":"https:\/\/revistahcsm.coc.fiocruz.br\/english\/wp-json\/wp\/v2\/types\/post"}],"author":[{"embeddable":true,"href":"https:\/\/revistahcsm.coc.fiocruz.br\/english\/wp-json\/wp\/v2\/users\/8"}],"replies":[{"embeddable":true,"href":"https:\/\/revistahcsm.coc.fiocruz.br\/english\/wp-json\/wp\/v2\/comments?post=10650"}],"version-history":[{"count":9,"href":"https:\/\/revistahcsm.coc.fiocruz.br\/english\/wp-json\/wp\/v2\/posts\/10650\/revisions"}],"predecessor-version":[{"id":10681,"href":"https:\/\/revistahcsm.coc.fiocruz.br\/english\/wp-json\/wp\/v2\/posts\/10650\/revisions\/10681"}],"wp:featuredmedia":[{"embeddable":true,"href":"https:\/\/revistahcsm.coc.fiocruz.br\/english\/wp-json\/wp\/v2\/media\/10654"}],"wp:attachment":[{"href":"https:\/\/revistahcsm.coc.fiocruz.br\/english\/wp-json\/wp\/v2\/media?parent=10650"}],"wp:term":[{"taxonomy":"category","embeddable":true,"href":"https:\/\/revistahcsm.coc.fiocruz.br\/english\/wp-json\/wp\/v2\/categories?post=10650"},{"taxonomy":"post_tag","embeddable":true,"href":"https:\/\/revistahcsm.coc.fiocruz.br\/english\/wp-json\/wp\/v2\/tags?post=10650"}],"curies":[{"name":"wp","href":"https:\/\/api.w.org\/{rel}","templated":true}]}}